{"id":4233,"date":"2022-06-28T15:03:04","date_gmt":"2022-06-28T13:03:04","guid":{"rendered":"https:\/\/www.decorez-moi.fr\/blog\/?p=4233"},"modified":"2022-07-22T11:44:58","modified_gmt":"2022-07-22T09:44:58","slug":"inspirations-bullet-journal-ete-6-idees","status":"publish","type":"post","link":"https:\/\/decorez-moi.fr\/blog\/inspirations-bullet-journal-ete-6-idees\/","title":{"rendered":"6 id\u00e9es de bullet journal \u00e9t\u00e9 pour vos inspirations !"},"content":{"rendered":"<div class=\"wp-block-image\">\n<figure class=\"aligncenter size-full\"><img loading=\"lazy\" decoding=\"async\" width=\"1000\" height=\"643\" src=\"https:\/\/www.decorez-moi.fr\/blog\/wp-content\/uploads\/2022\/06\/bujo-summer-aout.jpg\" alt=\"bujo summer aout\" class=\"wp-image-4235\" srcset=\"https:\/\/www.decorez-moi.fr\/blog\/wp-content\/uploads\/2022\/06\/bujo-summer-aout.jpg 1000w, https:\/\/www.decorez-moi.fr\/blog\/wp-content\/uploads\/2022\/06\/bujo-summer-aout-980x630.jpg 980w, https:\/\/www.decorez-moi.fr\/blog\/wp-content\/uploads\/2022\/06\/bujo-summer-aout-480x309.jpg 480w\" sizes=\"auto, (min-width: 0px) and (max-width: 480px) 480px, (min-width: 481px) and (max-width: 980px) 980px, (min-width: 981px) 1000px, 100vw\" \/><\/figure>\n<\/div>\n\n\n<p>Voici 6 id\u00e9es de bullet journal \u00e9t\u00e9, pour r\u00e9aliser le plus joli des bujos ! Simple et facile \u00e0 r\u00e9aliser avec les tampons Aladine.<\/p>\n\n\n\n<h2 class=\"wp-block-heading\">Bullet \u00e9t\u00e9 juillet aout <\/h2>\n\n\n<div class=\"wp-block-image\">\n<figure class=\"aligncenter size-full\"><img loading=\"lazy\" decoding=\"async\" width=\"700\" height=\"450\" src=\"https:\/\/www.decorez-moi.fr\/blog\/wp-content\/uploads\/2022\/06\/bullet-journal-ete-juillet.jpg\" alt=\"bullet journal ete juillet\" class=\"wp-image-4239\" srcset=\"https:\/\/www.decorez-moi.fr\/blog\/wp-content\/uploads\/2022\/06\/bullet-journal-ete-juillet.jpg 700w, https:\/\/www.decorez-moi.fr\/blog\/wp-content\/uploads\/2022\/06\/bullet-journal-ete-juillet-480x309.jpg 480w\" sizes=\"auto, (min-width: 0px) and (max-width: 480px) 480px, (min-width: 481px) 700px, 100vw\" \/><\/figure>\n<\/div>\n\n\n<p>Un joli th\u00e8me tropical, r\u00e9alis\u00e9 avec le Cr\u00e9ative Stamp jungle et les encreurs Quick Dry (s\u00e9chage rapide).<\/p>\n\n\n<div class=\"vlp-link-container vlp-layout-snippet-produit wp-block-visual-link-preview-link\"><a href=\"https:\/\/www.decorez-moi.fr\/bullet\/tampons-mousse-bullet\/coffret-tampons-mousse-jungle.html\" class=\"vlp-link\" title=\"Coffret tampons mousse jungle\" rel=\"nofollow\" target=\"_blank\"><\/a><div class=\"vlp-layout-zone-side\"><div class=\"vlp-block-3 vlp-link-image\"><img decoding=\"async\" src=\"https:\/\/www.decorez-moi.fr\/34731-large_default\/coffret-tampons-mousse-jungle.jpg\" style=\"max-width: 300px; max-height: 300px\" \/><\/div><\/div><div class=\"vlp-layout-zone-main\"><div class=\"vlp-block-0 vlp-link-title\">Coffret tampons mousse jungle<\/div><div class=\"vlp-block-1 vlp-link-summary\"> Coffret comprenant 29 tampons en mousse et 1 encreur noir de 3*3 cm. 29 motifs dessin\u00e9s par nos illustratrices sur le th\u00e8me jungle. Id\u00e9al pour customiser une carte ou une page de Bullet journal<\/div><div class=\"vlp-block-2 vlp-link-button\">D\u00e9couvrir la boutique<\/div><\/div><\/div>\n\n<div class=\"wp-block-image\">\n<figure class=\"aligncenter size-full\"><img loading=\"lazy\" decoding=\"async\" width=\"700\" height=\"450\" src=\"https:\/\/www.decorez-moi.fr\/blog\/wp-content\/uploads\/2022\/06\/bullet-journal-summer-tropical.jpg\" alt=\"bullet journal summer tropical\" class=\"wp-image-4241\" srcset=\"https:\/\/www.decorez-moi.fr\/blog\/wp-content\/uploads\/2022\/06\/bullet-journal-summer-tropical.jpg 700w, https:\/\/www.decorez-moi.fr\/blog\/wp-content\/uploads\/2022\/06\/bullet-journal-summer-tropical-480x309.jpg 480w\" sizes=\"auto, (min-width: 0px) and (max-width: 480px) 480px, (min-width: 481px) 700px, 100vw\" \/><\/figure>\n<\/div>\n\n\n<p>Une autre inspiration, cette fois-ci, un \u00ab\u00a0water tracker\u00a0\u00bb sur le th\u00e8me tropical !<br>Une grande gamme de tampons mousses et tampons transparents (clear) sont <a href=\"https:\/\/www.decorez-moi.fr\/bullet\/\" target=\"_blank\" rel=\"noreferrer noopener\">pr\u00e9sents sur le site<\/a> pour r\u00e9aliser de magnifiques pages de bullet journal.<\/p>\n\n\n<div class=\"vlp-link-container vlp-layout-snippet-produit wp-block-visual-link-preview-link\"><a href=\"https:\/\/www.decorez-moi.fr\/bullet\/tampons-transparent-clear-bullet\/tampon-transparent-jungle-oiseaux-tropicaux-stampo-bullet-clear.html#\/1342-motif-jungle\" class=\"vlp-link\" title=\"Tampon transparent jungle oiseaux tropicaux - Stampo Bullet Clear\" rel=\"nofollow\" target=\"_blank\"><\/a><div class=\"vlp-layout-zone-side\"><div class=\"vlp-block-3 vlp-link-image\"><img decoding=\"async\" src=\"https:\/\/www.decorez-moi.fr\/34766-large_default\/tampon-transparent-jungle-oiseaux-tropicaux-stampo-bullet-clear.jpg\" style=\"max-width: 300px; max-height: 300px\" \/><\/div><\/div><div class=\"vlp-layout-zone-main\"><div class=\"vlp-block-0 vlp-link-title\">Tampon transparent jungle oiseaux tropicaux &#8211; Stampo Bullet Clear<\/div><div class=\"vlp-block-1 vlp-link-summary\">Taille de la planche : 14,5\u00a0x\u00a012\u00a0cm<\/div><div class=\"vlp-block-2 vlp-link-button\">D\u00e9couvrir la boutique<\/div><\/div><\/div>\n\n\n<h3 class=\"wp-block-heading\">Bujo \u00e9t\u00e9 facile \u00e0 r\u00e9aliser<\/h3>\n\n\n<div class=\"wp-block-image\">\n<figure class=\"aligncenter size-full\"><img loading=\"lazy\" decoding=\"async\" width=\"700\" height=\"450\" src=\"https:\/\/www.decorez-moi.fr\/blog\/wp-content\/uploads\/2022\/06\/bullet-journal-ete-aout.jpg\" alt=\"bullet journal ete aout\" class=\"wp-image-4238\" srcset=\"https:\/\/www.decorez-moi.fr\/blog\/wp-content\/uploads\/2022\/06\/bullet-journal-ete-aout.jpg 700w, https:\/\/www.decorez-moi.fr\/blog\/wp-content\/uploads\/2022\/06\/bullet-journal-ete-aout-480x309.jpg 480w\" sizes=\"auto, (min-width: 0px) and (max-width: 480px) 480px, (min-width: 481px) 700px, 100vw\" \/><\/figure>\n<\/div>\n\n\n<p>J&rsquo;adore le th\u00e8me de l&rsquo;\u00e9t\u00e9 ! Il peut aussi bien \u00eatre tropical, qu&rsquo;ensoleill\u00e9 ou m\u00eame festif !<br>Cette page de garde, est d&rsquo;inspiration \u00ab\u00a0d\u00e9part en vacances\u00a0\u00bb !<\/p>\n\n\n<div class=\"vlp-link-container vlp-layout-snippet-produit wp-block-visual-link-preview-link\"><a href=\"https:\/\/www.decorez-moi.fr\/bullet\/tampons-transparent-clear-bullet\/tampon-transparent-vacances-stampo-bullet-clear.html\" class=\"vlp-link\" title=\"Tampon transparent vacances - Stampo Bullet Clear\" rel=\"nofollow\" target=\"_blank\"><\/a><div class=\"vlp-layout-zone-side\"><div class=\"vlp-block-3 vlp-link-image\"><img decoding=\"async\" src=\"https:\/\/www.decorez-moi.fr\/29324-large_default\/tampon-transparent-vacances-stampo-bullet-clear.jpg\" style=\"max-width: 300px; max-height: 300px\" \/><\/div><\/div><div class=\"vlp-layout-zone-main\"><div class=\"vlp-block-0 vlp-link-title\">Tampon transparent vacances &#8211; Stampo Bullet Clear<\/div><div class=\"vlp-block-1 vlp-link-summary\">Taille de la planche : 14,5\u00a0x\u00a012\u00a0cm<\/div><div class=\"vlp-block-2 vlp-link-button\">D\u00e9couvrir la boutique<\/div><\/div><\/div>\n\n<div class=\"wp-block-image\">\n<figure class=\"aligncenter size-full\"><img loading=\"lazy\" decoding=\"async\" width=\"700\" height=\"450\" src=\"https:\/\/www.decorez-moi.fr\/blog\/wp-content\/uploads\/2022\/06\/bullet-journal-aout-summer.jpg\" alt=\"bullet journal aout summer\" class=\"wp-image-4237\" srcset=\"https:\/\/www.decorez-moi.fr\/blog\/wp-content\/uploads\/2022\/06\/bullet-journal-aout-summer.jpg 700w, https:\/\/www.decorez-moi.fr\/blog\/wp-content\/uploads\/2022\/06\/bullet-journal-aout-summer-480x309.jpg 480w\" sizes=\"auto, (min-width: 0px) and (max-width: 480px) 480px, (min-width: 481px) 700px, 100vw\" \/><\/figure>\n<\/div>\n\n\n<p>Vous pouvez \u00e9galement trouver des coffrets de tampons mousses !<br>Celui-ci, est sur le th\u00e8me du \u00ab\u00a0voyage\u00a0\u00bb. Il m&rsquo;a beaucoup inspir\u00e9 pour le th\u00e8me : road trip !<\/p>\n\n\n<div class=\"vlp-link-container vlp-layout-snippet-produit wp-block-visual-link-preview-link\"><a href=\"https:\/\/www.decorez-moi.fr\/bullet\/tampons-mousse-bullet\/coffret-tampons-mousse-voyage.html\" class=\"vlp-link\" title=\"Coffret tampons mousse voyage\" rel=\"nofollow\" target=\"_blank\"><\/a><div class=\"vlp-layout-zone-side\"><div class=\"vlp-block-3 vlp-link-image\"><img decoding=\"async\" src=\"https:\/\/www.decorez-moi.fr\/34733-large_default\/coffret-tampons-mousse-voyage.jpg\" style=\"max-width: 300px; max-height: 300px\" \/><\/div><\/div><div class=\"vlp-layout-zone-main\"><div class=\"vlp-block-0 vlp-link-title\">Coffret tampons mousse voyage<\/div><div class=\"vlp-block-1 vlp-link-summary\"> Coffret comprenant 46 tampons en mousse et 1 encreur noir de 3*3 cm. 46 motifs dessin\u00e9s par nos illustratrices sur le th\u00e8me voyage. Id\u00e9al pour customiser une carte ou une page de Bullet journal<\/div><div class=\"vlp-block-2 vlp-link-button\">D\u00e9couvrir la boutique<\/div><\/div><\/div>\n\n<div class=\"wp-block-image\">\n<figure class=\"aligncenter size-full\"><img loading=\"lazy\" decoding=\"async\" width=\"700\" height=\"450\" src=\"https:\/\/www.decorez-moi.fr\/blog\/wp-content\/uploads\/2022\/06\/bullet-journal-summer-aout.jpg\" alt=\"bujo summer aout\" class=\"wp-image-4240\" srcset=\"https:\/\/www.decorez-moi.fr\/blog\/wp-content\/uploads\/2022\/06\/bullet-journal-summer-aout.jpg 700w, https:\/\/www.decorez-moi.fr\/blog\/wp-content\/uploads\/2022\/06\/bullet-journal-summer-aout-480x309.jpg 480w\" sizes=\"auto, (min-width: 0px) and (max-width: 480px) 480px, (min-width: 481px) 700px, 100vw\" \/><\/figure>\n<\/div>\n\n\n<p>J&rsquo;utilise \u00e9galement les feutres brush lettering, pour colorier et dessiner certains d\u00e9tails dans les bujo que je r\u00e9alise.<\/p>\n\n\n<div class=\"vlp-link-container vlp-layout-snippet-produit wp-block-visual-link-preview-link\"><a href=\"https:\/\/www.decorez-moi.fr\/ecriture-lettering\/brush-lettering\/feutres-brush-lettering-pack-de-10.html\" class=\"vlp-link\" title=\"Feutres brush lettering - pack de 10\" rel=\"nofollow\" target=\"_blank\"><\/a><div class=\"vlp-layout-zone-side\"><div class=\"vlp-block-3 vlp-link-image\"><img decoding=\"async\" src=\"https:\/\/www.decorez-moi.fr\/34868-large_default\/feutres-brush-lettering-pack-de-10.jpg\" style=\"max-width: 300px; max-height: 300px\" \/><\/div><\/div><div class=\"vlp-layout-zone-main\"><div class=\"vlp-block-0 vlp-link-title\">Feutres brush lettering &#8211; pack de 10<\/div><div class=\"vlp-block-1 vlp-link-summary\">Feutres d\u2019apprentisage du Brush lettering<\/div><div class=\"vlp-block-2 vlp-link-button\">D\u00e9couvrir la boutique<\/div><\/div><\/div>\n\n\n<h3 class=\"wp-block-heading\">Bullet journal summer inspiration<\/h3>\n\n\n<div class=\"wp-block-image\">\n<figure class=\"aligncenter size-full\"><img loading=\"lazy\" decoding=\"async\" width=\"700\" height=\"450\" src=\"https:\/\/www.decorez-moi.fr\/blog\/wp-content\/uploads\/2022\/06\/bullet-journal-aout-ete-summer.jpg\" alt=\"bullet journal aout ete summer\" class=\"wp-image-4236\" srcset=\"https:\/\/www.decorez-moi.fr\/blog\/wp-content\/uploads\/2022\/06\/bullet-journal-aout-ete-summer.jpg 700w, https:\/\/www.decorez-moi.fr\/blog\/wp-content\/uploads\/2022\/06\/bullet-journal-aout-ete-summer-480x309.jpg 480w\" sizes=\"auto, (min-width: 0px) and (max-width: 480px) 480px, (min-width: 481px) 700px, 100vw\" \/><\/figure>\n<\/div>\n\n\n<p>Derni\u00e8re inspiration estivale : bullet journal vacances au soleil et cocktail !<\/p>\n\n\n<div class=\"vlp-link-container vlp-layout-snippet-produit wp-block-visual-link-preview-link\"><a href=\"https:\/\/www.decorez-moi.fr\/bullet\/tampons-mousse-bullet\/tampon-mousse-bullet-journal-ete.html\" class=\"vlp-link\" title=\"Tampon mousse bullet journal \u00e9t\u00e9\" rel=\"nofollow\" target=\"_blank\"><\/a><div class=\"vlp-layout-zone-side\"><div class=\"vlp-block-3 vlp-link-image\"><img decoding=\"async\" src=\"https:\/\/www.decorez-moi.fr\/29299-large_default\/tampon-mousse-bullet-journal-ete.jpg\" style=\"max-width: 300px; max-height: 300px\" \/><\/div><\/div><div class=\"vlp-layout-zone-main\"><div class=\"vlp-block-0 vlp-link-title\">Tampon mousse bullet journal \u00e9t\u00e9<\/div><div class=\"vlp-block-1 vlp-link-summary\">Taille de la planche : 19\u00a0x\u00a013\u00a0cm<\/div><div class=\"vlp-block-2 vlp-link-button\">D\u00e9couvrir la boutique<\/div><\/div><\/div>\n\n\n<p>J&rsquo;esp\u00e8re que vous avez trouv\u00e9 l&rsquo;inspiration ! Et je vous dis \u00e0 tr\u00e8s vite, pour de nouvelles id\u00e9es bujos !<\/p>\n\n\n<div class=\"wp-block-image\">\n<figure class=\"aligncenter size-full\"><img loading=\"lazy\" decoding=\"async\" width=\"76\" height=\"41\" src=\"https:\/\/www.decorez-moi.fr\/blog\/wp-content\/uploads\/2022\/06\/margot-signature-violet.jpg\" alt=\"\" class=\"wp-image-4221\"\/><\/figure>\n<\/div>","protected":false},"excerpt":{"rendered":"<p>Voici 6 id\u00e9es de bullet journal \u00e9t\u00e9, pour r\u00e9aliser le plus joli des bujos ! Simple et facile \u00e0 r\u00e9aliser avec les tampons Aladine. Bullet \u00e9t\u00e9 juillet aout Un joli th\u00e8me tropical, r\u00e9alis\u00e9 avec le Cr\u00e9ative Stamp jungle et les encreurs Quick Dry (s\u00e9chage rapide). Une autre inspiration, cette fois-ci, un \u00ab\u00a0water tracker\u00a0\u00bb sur le [&hellip;]<\/p>\n","protected":false},"author":2,"featured_media":4237,"comment_status":"open","ping_status":"open","sticky":false,"template":"","format":"standard","meta":{"_et_pb_use_builder":"","_et_pb_old_content":"","_et_gb_content_width":"","footnotes":""},"categories":[20],"tags":[],"class_list":["post-4233","post","type-post","status-publish","format-standard","has-post-thumbnail","hentry","category-bullet-journal"],"aioseo_notices":[],"_links":{"self":[{"href":"https:\/\/decorez-moi.fr\/blog\/wp-json\/wp\/v2\/posts\/4233","targetHints":{"allow":["GET"]}}],"collection":[{"href":"https:\/\/decorez-moi.fr\/blog\/wp-json\/wp\/v2\/posts"}],"about":[{"href":"https:\/\/decorez-moi.fr\/blog\/wp-json\/wp\/v2\/types\/post"}],"author":[{"embeddable":true,"href":"https:\/\/decorez-moi.fr\/blog\/wp-json\/wp\/v2\/users\/2"}],"replies":[{"embeddable":true,"href":"https:\/\/decorez-moi.fr\/blog\/wp-json\/wp\/v2\/comments?post=4233"}],"version-history":[{"count":26,"href":"https:\/\/decorez-moi.fr\/blog\/wp-json\/wp\/v2\/posts\/4233\/revisions"}],"predecessor-version":[{"id":4456,"href":"https:\/\/decorez-moi.fr\/blog\/wp-json\/wp\/v2\/posts\/4233\/revisions\/4456"}],"wp:featuredmedia":[{"embeddable":true,"href":"https:\/\/decorez-moi.fr\/blog\/wp-json\/wp\/v2\/media\/4237"}],"wp:attachment":[{"href":"https:\/\/decorez-moi.fr\/blog\/wp-json\/wp\/v2\/media?parent=4233"}],"wp:term":[{"taxonomy":"category","embeddable":true,"href":"https:\/\/decorez-moi.fr\/blog\/wp-json\/wp\/v2\/categories?post=4233"},{"taxonomy":"post_tag","embeddable":true,"href":"https:\/\/decorez-moi.fr\/blog\/wp-json\/wp\/v2\/tags?post=4233"}],"curies":[{"name":"wp","href":"https:\/\/api.w.org\/{rel}","templated":true}]}}