{"id":386,"date":"2020-03-14T13:37:25","date_gmt":"2020-03-14T12:37:25","guid":{"rendered":"https:\/\/decorez-moi.fr\/blog\/?p=386"},"modified":"2020-12-02T11:35:15","modified_gmt":"2020-12-02T10:35:15","slug":"tuto-decoration-cadre-pele-mele-bois","status":"publish","type":"post","link":"https:\/\/decorez-moi.fr\/blog\/tuto-decoration-cadre-pele-mele-bois\/","title":{"rendered":"Tr\u00e8s beau cadre p\u00e8le-m\u00eale bois \u00e0 d\u00e9corer pour vos photos !"},"content":{"rendered":"\n<p>Dans ce tutoriel, je vais vous expliquer comment customiser ce tr\u00e8s beau cadre photo p\u00e8le-m\u00eale bois pour votre int\u00e9rieur !<\/p>\n\n\n\n<h2 class=\"wp-block-heading\">D\u00e9corer le cadre p\u00e8le-m\u00eale bois pour vos photos<\/h2>\n\n\n\n<div class=\"wp-block-image\"><figure class=\"aligncenter size-large\"><img loading=\"lazy\" decoding=\"async\" width=\"336\" height=\"216\" src=\"https:\/\/decorez-moi.fr\/blog\/wp-content\/uploads\/2020\/03\/cadre-photo-pele-mele-bois-a-decorer-carre-fabriquer-france-loisirs-creatifs.jpg\" alt=\"cadre photo p\u00e8le-m\u00eale en bois \u00e0 customiser\" class=\"wp-image-368\" srcset=\"https:\/\/decorez-moi.fr\/blog\/wp-content\/uploads\/2020\/03\/cadre-photo-pele-mele-bois-a-decorer-carre-fabriquer-france-loisirs-creatifs.jpg 336w, https:\/\/decorez-moi.fr\/blog\/wp-content\/uploads\/2020\/03\/cadre-photo-pele-mele-bois-a-decorer-carre-fabriquer-france-loisirs-creatifs-300x193.jpg 300w\" sizes=\"auto, (max-width: 336px) 100vw, 336px\" \/><\/figure><\/div>\n\n\n\n<p>Regardez moi ce magnifique <a href=\"https:\/\/decorez-moi.fr\/cadres-en-bois-a-customiser\/1088-cadre-pele-mele-8-cases-en-bois-a-decorer.html\" target=\"_blank\" rel=\"noreferrer noopener\">cadre photos 8 cases p\u00e8le-m\u00eale en bois<\/a> \u00e0 customiser ! Ni trop grand, ni trop petit. Il a une taille parfaite pour y incruster les photos de votre choix ! Il mesure 37 cm de hauteur et 52 cm de largeur.<br>Un autre mod\u00e8le de <a href=\"https:\/\/decorez-moi.fr\/cadres-en-bois-a-customiser\/1087-cadre-charme-7-cases-en-bois-a-decorer.html\" target=\"_blank\" rel=\"noreferrer noopener\">cadre photos 7 cases<\/a> est pr\u00e9sent sur le site, plus girly.<br>Vous pouvez \u00e9galement trouver des <a href=\"https:\/\/decorez-moi.fr\/148-cadres-en-bois-a-customiser\" target=\"_blank\" rel=\"noreferrer noopener\">cadres plus simple \u00e0 personnaliser<\/a> pour votre int\u00e9rieur.<\/p>\n\n\n\n<div class=\"wp-block-image\"><figure class=\"aligncenter size-large\"><img loading=\"lazy\" decoding=\"async\" width=\"336\" height=\"216\" src=\"https:\/\/decorez-moi.fr\/blog\/wp-content\/uploads\/2020\/03\/cadre-photo-pele-mele-bois-a-decorer-diy-peinture-vert-pastel-metalique-carre-tropique.jpg\" alt=\"cadre photos carr\u00e9s en bois \u00e0 peindre\" class=\"wp-image-370\" srcset=\"https:\/\/decorez-moi.fr\/blog\/wp-content\/uploads\/2020\/03\/cadre-photo-pele-mele-bois-a-decorer-diy-peinture-vert-pastel-metalique-carre-tropique.jpg 336w, https:\/\/decorez-moi.fr\/blog\/wp-content\/uploads\/2020\/03\/cadre-photo-pele-mele-bois-a-decorer-diy-peinture-vert-pastel-metalique-carre-tropique-300x193.jpg 300w\" sizes=\"auto, (max-width: 336px) 100vw, 336px\" \/><\/figure><\/div>\n\n\n\n<p>Le cadre se divise en deux parties : le fond + le cadre. Il n&rsquo;y a pas de cadre en verre ! Uniquement le contour bois.<br>Je vais commencer par d\u00e9corer le cadre. Je commence par poser du masking tape sur les angles que je ne vais pas peindre pour ne pas d\u00e9border avec la peinture. Ensuite, je peins 2 cases en bois avec un beau vert pastel m\u00e9tallique (je passe 1 couche).<br>Le petit carr\u00e9 mesure 10 cm et le 2eme carr\u00e9 mesure 13 cm.<\/p>\n\n\n\n<div class=\"wp-block-image\"><figure class=\"aligncenter size-large\"><img loading=\"lazy\" decoding=\"async\" width=\"336\" height=\"216\" src=\"https:\/\/decorez-moi.fr\/blog\/wp-content\/uploads\/2020\/03\/cadre-photo-pele-mele-bois-a-decorer-peinture-pebeo-vert-emeraude-tropical-tendance.jpg\" alt=\"cadre photos en bois \u00e0 personnaliser en loisirs cr\u00e9atifs\" class=\"wp-image-372\" srcset=\"https:\/\/decorez-moi.fr\/blog\/wp-content\/uploads\/2020\/03\/cadre-photo-pele-mele-bois-a-decorer-peinture-pebeo-vert-emeraude-tropical-tendance.jpg 336w, https:\/\/decorez-moi.fr\/blog\/wp-content\/uploads\/2020\/03\/cadre-photo-pele-mele-bois-a-decorer-peinture-pebeo-vert-emeraude-tropical-tendance-300x193.jpg 300w\" sizes=\"auto, (max-width: 336px) 100vw, 336px\" \/><\/figure><\/div>\n\n\n\n<p>Une fois sec, je retire le masking tape et en pose a nouveau sur les carr\u00e9s et angles que je ne vais pas peindre (tr\u00e8s important).<br>Puis, je reste dans les tons verts et s\u00e9lectionne cette fois-ci un vert tropicale P\u00e9b\u00e9o (je passe 1 couche).<br>Vous pouvez acc\u00e9l\u00e9rer le s\u00e9chage de la peinture en utilisant un s\u00e8che cheveux (restez \u00e0 bonne distance du support).<br>Les 2 carr\u00e9s mesure 10 cm.<\/p>\n\n\n\n<div class=\"wp-block-image\"><figure class=\"aligncenter size-large\"><img loading=\"lazy\" decoding=\"async\" width=\"336\" height=\"216\" src=\"https:\/\/decorez-moi.fr\/blog\/wp-content\/uploads\/2020\/03\/cadre-photo-pele-mele-bois-a-decorer-peinture-vert-fonce-feuille-deco-moderne.jpg\" alt=\"cadre photos en bois \u00e0 habiller avec de la peinture\" class=\"wp-image-373\" srcset=\"https:\/\/decorez-moi.fr\/blog\/wp-content\/uploads\/2020\/03\/cadre-photo-pele-mele-bois-a-decorer-peinture-vert-fonce-feuille-deco-moderne.jpg 336w, https:\/\/decorez-moi.fr\/blog\/wp-content\/uploads\/2020\/03\/cadre-photo-pele-mele-bois-a-decorer-peinture-vert-fonce-feuille-deco-moderne-300x193.jpg 300w\" sizes=\"auto, (max-width: 336px) 100vw, 336px\" \/><\/figure><\/div>\n\n\n\n<h3 class=\"wp-block-heading\">Cadre photos p\u00e8le-m\u00eale \u00e0 peindre<\/h3>\n\n\n\n<p>Toujours le m\u00eame principe, j&rsquo;attends que la peinture du cadre s\u00e8che, je retire le masking tape et en pose \u00e0 nouveau dans les angles des carr\u00e9s pour ne pas d\u00e9border.<br>Les 2 grands carr\u00e9s vont rester couleur \u00ab\u00a0bois\u00a0\u00bb, voil\u00e0 pourquoi il est important de ne pas d\u00e9border !<br>Derni\u00e8re peinture utilis\u00e9e, toujours dans les tons tropicaux : un beau vert fonc\u00e9 ! (je passe 1 couche).<br>Le grand rectangle vert fonc\u00e9 mesure 17 cm de hauteur par 13 cm de largeur. Le petit carr\u00e9 mesure 10,5 cm.<br>Le rectangle bois du haut mesure 17&#215;13 cm et le rectangle du bas mesure 18,5&#215;11 cm.<\/p>\n\n\n\n<div class=\"wp-block-image\"><figure class=\"aligncenter size-large\"><img loading=\"lazy\" decoding=\"async\" width=\"336\" height=\"216\" src=\"https:\/\/decorez-moi.fr\/blog\/wp-content\/uploads\/2020\/03\/cadre-photo-pele-mele-bois-a-decorer-peinture-vert-pebeo-tranche-plateau-papier.jpg\" alt=\"cadre photo p\u00e8le-m\u00eale en bois peint\" class=\"wp-image-374\" srcset=\"https:\/\/decorez-moi.fr\/blog\/wp-content\/uploads\/2020\/03\/cadre-photo-pele-mele-bois-a-decorer-peinture-vert-pebeo-tranche-plateau-papier.jpg 336w, https:\/\/decorez-moi.fr\/blog\/wp-content\/uploads\/2020\/03\/cadre-photo-pele-mele-bois-a-decorer-peinture-vert-pebeo-tranche-plateau-papier-300x193.jpg 300w\" sizes=\"auto, (max-width: 336px) 100vw, 336px\" \/><\/figure><\/div>\n\n\n\n<p>Maintenant je m&rsquo;occupe du \u00ab\u00a0fond\u00a0\u00bb du cadre. Je peins les tranches du cadre avec les m\u00eames peintures utilis\u00e9es plus haut pour les tranches du \u00ab\u00a0contour cadre\u00a0\u00bb. Je m&rsquo;aide du cadre d\u00e9j\u00e0 peins pour accorder les tranches entres-elles.<\/p>\n\n\n\n<div class=\"wp-block-image\"><figure class=\"aligncenter size-large\"><img loading=\"lazy\" decoding=\"async\" width=\"336\" height=\"216\" src=\"https:\/\/decorez-moi.fr\/blog\/wp-content\/uploads\/2020\/03\/cadre-photo-pele-mele-bois-a-decorer-masking-tape-or-papillon-sticker-vert-do-it-yourself.jpg\" alt=\"cadre photo p\u00e8le-m\u00eale en bois \u00e0 customiser en DIY\" class=\"wp-image-371\" srcset=\"https:\/\/decorez-moi.fr\/blog\/wp-content\/uploads\/2020\/03\/cadre-photo-pele-mele-bois-a-decorer-masking-tape-or-papillon-sticker-vert-do-it-yourself.jpg 336w, https:\/\/decorez-moi.fr\/blog\/wp-content\/uploads\/2020\/03\/cadre-photo-pele-mele-bois-a-decorer-masking-tape-or-papillon-sticker-vert-do-it-yourself-300x193.jpg 300w\" sizes=\"auto, (max-width: 336px) 100vw, 336px\" \/><\/figure><\/div>\n\n\n\n<p>Un peu de customisation ! J&rsquo;utilise un rouleau de masking tape \u00ab\u00a0or\u00a0\u00bb tr\u00e8s fin et j&rsquo;en pose dans chaque coin\/angle des carr\u00e9s et rectangles.<br>Je coupe le surplus de masking tape avec un scalpel de loisirs cr\u00e9atif (vous pouvez vous en procurer un dans un magasin de loisirs cr\u00e9atif).<br>Pour finir, je pose un gros sticker \u00ab\u00a0papillon vert\u00a0\u00bb en haut du rectangle bois.<\/p>\n\n\n\n<div class=\"wp-block-image\"><figure class=\"aligncenter size-large\"><img loading=\"lazy\" decoding=\"async\" width=\"336\" height=\"216\" src=\"https:\/\/decorez-moi.fr\/blog\/wp-content\/uploads\/2020\/03\/cadre-photo-pele-mele-bois-a-decorer-stickers-feuille-lettres-smile-enjoy-home-paillettes-papier-tropical-diy.jpg\" alt=\"cadre photo en bois \u00e0 personnaliser en do it yourself\" class=\"wp-image-375\" srcset=\"https:\/\/decorez-moi.fr\/blog\/wp-content\/uploads\/2020\/03\/cadre-photo-pele-mele-bois-a-decorer-stickers-feuille-lettres-smile-enjoy-home-paillettes-papier-tropical-diy.jpg 336w, https:\/\/decorez-moi.fr\/blog\/wp-content\/uploads\/2020\/03\/cadre-photo-pele-mele-bois-a-decorer-stickers-feuille-lettres-smile-enjoy-home-paillettes-papier-tropical-diy-300x193.jpg 300w\" sizes=\"auto, (max-width: 336px) 100vw, 336px\" \/><\/figure><\/div>\n\n\n\n<h3 class=\"wp-block-heading\">Customisation en Do It Yourself du cadre photo 7 cases<\/h3>\n\n\n\n<p>Aidez vous des mesures des carr\u00e9s et rectangles que je vous ai \u00e9cris plus haut.<br>Je colle 2 feuilles blanches dans les rectangles couleur bois. J&rsquo;\u00e9cris avec des stickers lettres paillettes or \u00ab\u00a0SMILE &#8211; ENJOY\u00a0\u00bb et je pose des stickers feuilles.<br>Ensuite, je colle dans 2 carr\u00e9s du papier motifs \u00ab\u00a0feuilles tropicales\u00a0\u00bb.<br>Dans le dernier rectangle, je pose du papier vert pastel fl\u00e8ches et les lettres \u00ab\u00a0HOME\u00a0\u00bb.<br>Pour finir, je fais imprimer 2 photos carr\u00e9s 10&#215;10 cm sur un site web de mes derni\u00e8re vacances. Je fixe chaque d\u00e9coupe en papier avec un tube de colle.<br>Attention, une colle liquide pourrait ramollir le papier !<\/p>\n\n\n\n<div class=\"wp-block-image\"><figure class=\"aligncenter size-large\"><img loading=\"lazy\" decoding=\"async\" width=\"336\" height=\"216\" src=\"https:\/\/decorez-moi.fr\/blog\/wp-content\/uploads\/2020\/03\/cadre-photo-pele-mele-bois-a-decorer-colle-bois-deco-vacances-tropical-loisirs-creatifs-diy.jpg\" alt=\"d\u00e9corer votre int\u00e9rieur avec ce cadre photos carr\u00e9\" class=\"wp-image-369\" srcset=\"https:\/\/decorez-moi.fr\/blog\/wp-content\/uploads\/2020\/03\/cadre-photo-pele-mele-bois-a-decorer-colle-bois-deco-vacances-tropical-loisirs-creatifs-diy.jpg 336w, https:\/\/decorez-moi.fr\/blog\/wp-content\/uploads\/2020\/03\/cadre-photo-pele-mele-bois-a-decorer-colle-bois-deco-vacances-tropical-loisirs-creatifs-diy-300x193.jpg 300w\" sizes=\"auto, (max-width: 336px) 100vw, 336px\" \/><\/figure><\/div>\n\n\n\n<p>Derni\u00e8re \u00e9tape : coller les 2 parties entre-elles (fond + cadre) avec de la colle sp\u00e9ciale bois. Vous pouvez \u00e9galement opter pour du double face (et changer vos photos quand bon vous semble) !<\/p>\n\n\n\n<div class=\"wp-block-image\"><figure class=\"aligncenter size-large\"><img loading=\"lazy\" decoding=\"async\" width=\"336\" height=\"216\" src=\"https:\/\/decorez-moi.fr\/blog\/wp-content\/uploads\/2020\/03\/tuto-deco-cadre-pele-mele-photo-bois-a-decorer-papier-stickers-moderne-tropical-exotique-diy.jpg\" alt=\"cadre p\u00e8le-m\u00eale en bois \u00e0 d\u00e9corer avec vos photos\" class=\"wp-image-376\" srcset=\"https:\/\/decorez-moi.fr\/blog\/wp-content\/uploads\/2020\/03\/tuto-deco-cadre-pele-mele-photo-bois-a-decorer-papier-stickers-moderne-tropical-exotique-diy.jpg 336w, https:\/\/decorez-moi.fr\/blog\/wp-content\/uploads\/2020\/03\/tuto-deco-cadre-pele-mele-photo-bois-a-decorer-papier-stickers-moderne-tropical-exotique-diy-300x193.jpg 300w\" sizes=\"auto, (max-width: 336px) 100vw, 336px\" \/><\/figure><\/div>\n\n\n\n<p>Co\u00fbt total du support en bois :&nbsp;<strong>11<\/strong>&nbsp;<strong>\u20ac<\/strong><\/p>\n\n\n\n<p>D\u00e9coration cadre photos voyage tropicale Do It Yourself \u00e0 faire soi m\u00eame !<br>Je suis tr\u00e8s contente du r\u00e9sultat ! Tr\u00e8s moderne et tendance il va \u00eatre parfait accrocher dans mon salon !<br>Simple et rapide \u00e0 customiser durant une apr\u00e8s-midi activit\u00e9 manuelle ! D\u00e9co unique et \u00e0 vos go\u00fbts.<\/p>\n\n\n\n<p>A tr\u00e8s vite pour un nouveau tutoriel d\u00e9co avec des supports en bois !<\/p>\n\n\n\n<div class=\"wp-block-image\"><figure class=\"aligncenter\"><img decoding=\"async\" src=\"https:\/\/decorez-moi.fr\/blog\/wp-content\/uploads\/2024\/08\/signature-margot.png\" alt=\"margot\" class=\"wp-image-4756\"\/><\/figure><\/div>\n","protected":false},"excerpt":{"rendered":"<p>Dans ce tutoriel, je vais vous expliquer comment customiser ce tr\u00e8s beau cadre photo p\u00e8le-m\u00eale bois pour votre int\u00e9rieur ! D\u00e9corer le cadre p\u00e8le-m\u00eale bois pour vos photos Regardez moi ce magnifique cadre photos 8 cases p\u00e8le-m\u00eale en bois \u00e0 customiser ! Ni trop grand, ni trop petit. Il a une taille parfaite pour y [&hellip;]<\/p>\n","protected":false},"author":2,"featured_media":366,"comment_status":"open","ping_status":"open","sticky":false,"template":"","format":"standard","meta":{"_et_pb_use_builder":"off","_et_pb_old_content":"","_et_gb_content_width":"","footnotes":""},"categories":[7],"tags":[],"class_list":["post-386","post","type-post","status-publish","format-standard","has-post-thumbnail","hentry","category-decoration-tropicale-diy"],"aioseo_notices":[],"_links":{"self":[{"href":"https:\/\/decorez-moi.fr\/blog\/wp-json\/wp\/v2\/posts\/386","targetHints":{"allow":["GET"]}}],"collection":[{"href":"https:\/\/decorez-moi.fr\/blog\/wp-json\/wp\/v2\/posts"}],"about":[{"href":"https:\/\/decorez-moi.fr\/blog\/wp-json\/wp\/v2\/types\/post"}],"author":[{"embeddable":true,"href":"https:\/\/decorez-moi.fr\/blog\/wp-json\/wp\/v2\/users\/2"}],"replies":[{"embeddable":true,"href":"https:\/\/decorez-moi.fr\/blog\/wp-json\/wp\/v2\/comments?post=386"}],"version-history":[{"count":8,"href":"https:\/\/decorez-moi.fr\/blog\/wp-json\/wp\/v2\/posts\/386\/revisions"}],"predecessor-version":[{"id":1020,"href":"https:\/\/decorez-moi.fr\/blog\/wp-json\/wp\/v2\/posts\/386\/revisions\/1020"}],"wp:featuredmedia":[{"embeddable":true,"href":"https:\/\/decorez-moi.fr\/blog\/wp-json\/wp\/v2\/media\/366"}],"wp:attachment":[{"href":"https:\/\/decorez-moi.fr\/blog\/wp-json\/wp\/v2\/media?parent=386"}],"wp:term":[{"taxonomy":"category","embeddable":true,"href":"https:\/\/decorez-moi.fr\/blog\/wp-json\/wp\/v2\/categories?post=386"},{"taxonomy":"post_tag","embeddable":true,"href":"https:\/\/decorez-moi.fr\/blog\/wp-json\/wp\/v2\/tags?post=386"}],"curies":[{"name":"wp","href":"https:\/\/api.w.org\/{rel}","templated":true}]}}