{"id":1830,"date":"2020-11-22T16:44:34","date_gmt":"2020-11-22T15:44:34","guid":{"rendered":"https:\/\/decorez-moi.fr\/blog\/?p=1830"},"modified":"2021-02-22T12:30:47","modified_gmt":"2021-02-22T11:30:47","slug":"voyage-en-albanie-itineraire-retour-en-images","status":"publish","type":"post","link":"https:\/\/decorez-moi.fr\/blog\/voyage-en-albanie-itineraire-retour-en-images\/","title":{"rendered":"Mon voyage en Albanie, itin\u00e9raire et retour en images \u2665"},"content":{"rendered":"\n<p>Aujourd&rsquo;hui, je vous propose un contenu un peu diff\u00e9rent ! Pas de \u00ab\u00a0<a rel=\"noreferrer noopener\" href=\"https:\/\/decorez-moi.fr\/blog\/\" target=\"_blank\">tutoriel d\u00e9co<\/a>\u00a0\u00bb mais un retour en images et avis sur mon voyage en Albanie !<br>Je suis passionn\u00e9e de loisirs cr\u00e9atifs, de Do it Yourself (vous pouvez retrouver sur mon <a rel=\"noreferrer noopener\" href=\"https:\/\/decorez-moi.fr\/\" target=\"_blank\">site web les supports en bois<\/a> que j&rsquo;utilise pour mes cr\u00e9ations) mais \u00e9galement une grande fan de voyages et de journ\u00e9es sympathiques en tout genre \u2665<\/p>\n\n\n\n<p>Je vous pr\u00e9sente \u00ab\u00a0monsieur et madame biscuit\u00a0\u00bb, ils m&rsquo;accompagnent partout dans mes folles aventures !<br>Bienvenue dans ma nouvelle rubrique \u00ab\u00a0les aventures de petit biscuit\u00a0\u00bb !<\/p>\n\n\n\n<h2 class=\"wp-block-heading\">voyage en Albanie, c&rsquo;est partie pour 2 semaines d&rsquo;aventures !<\/h2>\n\n\n\n<figure class=\"wp-block-gallery columns-3 is-cropped wp-block-gallery-1 is-layout-flex wp-block-gallery-is-layout-flex\"><ul class=\"blocks-gallery-grid\"><li class=\"blocks-gallery-item\"><figure><img loading=\"lazy\" decoding=\"async\" width=\"700\" height=\"450\" src=\"https:\/\/decorez-moi.fr\/blog\/wp-content\/uploads\/2020\/10\/voyage-en-albanie-place-skanderberg-tirana-1.jpg\" alt=\"\" data-id=\"1854\" data-full-url=\"https:\/\/decorez-moi.fr\/blog\/wp-content\/uploads\/2020\/10\/voyage-en-albanie-place-skanderberg-tirana-1.jpg\" data-link=\"https:\/\/decorez-moi.fr\/blog\/?attachment_id=1854\" class=\"wp-image-1854\" srcset=\"https:\/\/decorez-moi.fr\/blog\/wp-content\/uploads\/2020\/10\/voyage-en-albanie-place-skanderberg-tirana-1.jpg 700w, https:\/\/decorez-moi.fr\/blog\/wp-content\/uploads\/2020\/10\/voyage-en-albanie-place-skanderberg-tirana-1-480x309.jpg 480w\" sizes=\"auto, (min-width: 0px) and (max-width: 480px) 480px, (min-width: 481px) 700px, 100vw\" \/><\/figure><\/li><li class=\"blocks-gallery-item\"><figure><img loading=\"lazy\" decoding=\"async\" width=\"700\" height=\"450\" src=\"https:\/\/decorez-moi.fr\/blog\/wp-content\/uploads\/2020\/10\/voyage-en-albanie-tirana-parc-1.jpg\" alt=\"\" data-id=\"1855\" data-full-url=\"https:\/\/decorez-moi.fr\/blog\/wp-content\/uploads\/2020\/10\/voyage-en-albanie-tirana-parc-1.jpg\" data-link=\"https:\/\/decorez-moi.fr\/blog\/?attachment_id=1855\" class=\"wp-image-1855\" srcset=\"https:\/\/decorez-moi.fr\/blog\/wp-content\/uploads\/2020\/10\/voyage-en-albanie-tirana-parc-1.jpg 700w, https:\/\/decorez-moi.fr\/blog\/wp-content\/uploads\/2020\/10\/voyage-en-albanie-tirana-parc-1-480x309.jpg 480w\" sizes=\"auto, (min-width: 0px) and (max-width: 480px) 480px, (min-width: 481px) 700px, 100vw\" \/><\/figure><\/li><li class=\"blocks-gallery-item\"><figure><img loading=\"lazy\" decoding=\"async\" width=\"700\" height=\"450\" src=\"https:\/\/decorez-moi.fr\/blog\/wp-content\/uploads\/2020\/10\/voyage-en-albanie-nourriture.jpg\" alt=\"\" data-id=\"1853\" data-full-url=\"https:\/\/decorez-moi.fr\/blog\/wp-content\/uploads\/2020\/10\/voyage-en-albanie-nourriture.jpg\" data-link=\"https:\/\/decorez-moi.fr\/blog\/?attachment_id=1853\" class=\"wp-image-1853\" srcset=\"https:\/\/decorez-moi.fr\/blog\/wp-content\/uploads\/2020\/10\/voyage-en-albanie-nourriture.jpg 700w, https:\/\/decorez-moi.fr\/blog\/wp-content\/uploads\/2020\/10\/voyage-en-albanie-nourriture-480x309.jpg 480w\" sizes=\"auto, (min-width: 0px) and (max-width: 480px) 480px, (min-width: 481px) 700px, 100vw\" \/><\/figure><\/li><\/ul><\/figure>\n\n\n\n<p>Savoir que ce pays est peu connu des touristes m&rsquo;a r\u00e9ellement attir\u00e9e ! J&rsquo;ai vu quelques images et j&rsquo;ai eu un coup de c\u0153ur pour cette nature incroyable \u00e0 seulement 3h d&rsquo;avion (Paris Orly avec Transavia ou Beauvais avec Wizzair).Ce sont les 2 compagnies low-cost ou les billets sont les plus abordable.<\/p>\n\n\n\n<h2 class=\"wp-block-heading\">Visite de Tirana, capitale de l&rsquo;Albanie<\/h2>\n\n\n\n<p>Sans plus attendre, j&rsquo;ai d\u00e9cid\u00e9 de r\u00e9server un voyage avec l&rsquo;agence \u00ab\u00a0<a rel=\"noreferrer noopener\" href=\"http:\/\/www.evasionalbanie.com\/#home\" target=\"_blank\">Evasion Albanie<\/a>\u00a0\u00bb pour un road trip guid\u00e9 (mon tout 1er !). En temps normal je me d\u00e9brouille pour tout organiser.<br>Je vous conseille de partir 2 semaines pour avoir le temps de tout voir et de profiter de vos vacances !<br>Ce road trip commence par la visite de la capitale, Tirana, en compagnie d&rsquo;un super guide local !<\/p>\n\n\n\n<figure class=\"wp-block-gallery columns-3 is-cropped wp-block-gallery-2 is-layout-flex wp-block-gallery-is-layout-flex\"><ul class=\"blocks-gallery-grid\"><li class=\"blocks-gallery-item\"><figure><img loading=\"lazy\" decoding=\"async\" width=\"700\" height=\"450\" src=\"https:\/\/decorez-moi.fr\/blog\/wp-content\/uploads\/2020\/10\/voyage-en-albanie-bunk-art.jpg\" alt=\"\" data-id=\"1846\" data-link=\"https:\/\/decorez-moi.fr\/blog\/?attachment_id=1846\" class=\"wp-image-1846\" srcset=\"https:\/\/decorez-moi.fr\/blog\/wp-content\/uploads\/2020\/10\/voyage-en-albanie-bunk-art.jpg 700w, https:\/\/decorez-moi.fr\/blog\/wp-content\/uploads\/2020\/10\/voyage-en-albanie-bunk-art-480x309.jpg 480w\" sizes=\"auto, (min-width: 0px) and (max-width: 480px) 480px, (min-width: 481px) 700px, 100vw\" \/><\/figure><\/li><li class=\"blocks-gallery-item\"><figure><img loading=\"lazy\" decoding=\"async\" width=\"700\" height=\"450\" src=\"https:\/\/decorez-moi.fr\/blog\/wp-content\/uploads\/2020\/10\/voyage-en-albanie-tirana.jpg\" alt=\"\" data-id=\"1847\" data-link=\"https:\/\/decorez-moi.fr\/blog\/?attachment_id=1847\" class=\"wp-image-1847\" srcset=\"https:\/\/decorez-moi.fr\/blog\/wp-content\/uploads\/2020\/10\/voyage-en-albanie-tirana.jpg 700w, https:\/\/decorez-moi.fr\/blog\/wp-content\/uploads\/2020\/10\/voyage-en-albanie-tirana-480x309.jpg 480w\" sizes=\"auto, (min-width: 0px) and (max-width: 480px) 480px, (min-width: 481px) 700px, 100vw\" \/><\/figure><\/li><li class=\"blocks-gallery-item\"><figure><img loading=\"lazy\" decoding=\"async\" width=\"700\" height=\"450\" src=\"https:\/\/decorez-moi.fr\/blog\/wp-content\/uploads\/2020\/10\/voyage-en-albanie-tirana-marche-fruit-legume.jpg\" alt=\"\" data-id=\"1845\" data-link=\"https:\/\/decorez-moi.fr\/blog\/?attachment_id=1845\" class=\"wp-image-1845\" srcset=\"https:\/\/decorez-moi.fr\/blog\/wp-content\/uploads\/2020\/10\/voyage-en-albanie-tirana-marche-fruit-legume.jpg 700w, https:\/\/decorez-moi.fr\/blog\/wp-content\/uploads\/2020\/10\/voyage-en-albanie-tirana-marche-fruit-legume-480x309.jpg 480w\" sizes=\"auto, (min-width: 0px) and (max-width: 480px) 480px, (min-width: 481px) 700px, 100vw\" \/><\/figure><\/li><\/ul><\/figure>\n\n\n\n<p>Cette ville est tr\u00e8s int\u00e9ressante \u00e0 visiter, je vous conseille d&rsquo;y rester 2 jours ! Vous allez prendre plaisir \u00e0 arpenter les ruelles de Tirana. Faite un tour sur la place du march\u00e9 et la grande place <strong>Skanderbeg.<\/strong><br>Vous pouvez aller visiter le \u00ab\u00a0bunk-art 2\u00a0\u00bb, un mus\u00e9e consacr\u00e9 aux crimes de la p\u00e9riode communiste<strong> <\/strong>et \u00e9galement le mus\u00e9e national d&rsquo;histoire. <\/p>\n\n\n\n<figure class=\"wp-block-gallery columns-2 is-cropped wp-block-gallery-3 is-layout-flex wp-block-gallery-is-layout-flex\"><ul class=\"blocks-gallery-grid\"><li class=\"blocks-gallery-item\"><figure><img loading=\"lazy\" decoding=\"async\" width=\"700\" height=\"450\" src=\"https:\/\/decorez-moi.fr\/blog\/wp-content\/uploads\/2020\/10\/voyage-en-albanie-tirana-nouveau-quartier-branche.jpg\" alt=\"\" data-id=\"1842\" data-full-url=\"https:\/\/decorez-moi.fr\/blog\/wp-content\/uploads\/2020\/10\/voyage-en-albanie-tirana-nouveau-quartier-branche.jpg\" data-link=\"https:\/\/decorez-moi.fr\/blog\/?attachment_id=1842\" class=\"wp-image-1842\" srcset=\"https:\/\/decorez-moi.fr\/blog\/wp-content\/uploads\/2020\/10\/voyage-en-albanie-tirana-nouveau-quartier-branche.jpg 700w, https:\/\/decorez-moi.fr\/blog\/wp-content\/uploads\/2020\/10\/voyage-en-albanie-tirana-nouveau-quartier-branche-480x309.jpg 480w\" sizes=\"auto, (min-width: 0px) and (max-width: 480px) 480px, (min-width: 481px) 700px, 100vw\" \/><\/figure><\/li><li class=\"blocks-gallery-item\"><figure><img loading=\"lazy\" decoding=\"async\" width=\"700\" height=\"450\" src=\"https:\/\/decorez-moi.fr\/blog\/wp-content\/uploads\/2020\/10\/voyage-en-albanie-tirana-balade-centre.jpg\" alt=\"\" data-id=\"1844\" data-full-url=\"https:\/\/decorez-moi.fr\/blog\/wp-content\/uploads\/2020\/10\/voyage-en-albanie-tirana-balade-centre.jpg\" data-link=\"https:\/\/decorez-moi.fr\/blog\/?attachment_id=1844\" class=\"wp-image-1844\" srcset=\"https:\/\/decorez-moi.fr\/blog\/wp-content\/uploads\/2020\/10\/voyage-en-albanie-tirana-balade-centre.jpg 700w, https:\/\/decorez-moi.fr\/blog\/wp-content\/uploads\/2020\/10\/voyage-en-albanie-tirana-balade-centre-480x309.jpg 480w\" sizes=\"auto, (min-width: 0px) and (max-width: 480px) 480px, (min-width: 481px) 700px, 100vw\" \/><\/figure><\/li><\/ul><\/figure>\n\n\n\n<p>Dirigez-vous ensuite dans le nouveau quartier tendance de la ville, flambant neuf et tr\u00e8s moderne pour y manger ou boire un verre.<\/p>\n\n\n\n<figure class=\"wp-block-gallery columns-2 is-cropped wp-block-gallery-4 is-layout-flex wp-block-gallery-is-layout-flex\"><ul class=\"blocks-gallery-grid\"><li class=\"blocks-gallery-item\"><figure><img loading=\"lazy\" decoding=\"async\" width=\"700\" height=\"450\" src=\"https:\/\/decorez-moi.fr\/blog\/wp-content\/uploads\/2020\/10\/voyage-en-albanie-tirana-parc-fontaine.jpg\" alt=\"\" data-id=\"1837\" data-full-url=\"https:\/\/decorez-moi.fr\/blog\/wp-content\/uploads\/2020\/10\/voyage-en-albanie-tirana-parc-fontaine.jpg\" data-link=\"https:\/\/decorez-moi.fr\/blog\/?attachment_id=1837\" class=\"wp-image-1837\" srcset=\"https:\/\/decorez-moi.fr\/blog\/wp-content\/uploads\/2020\/10\/voyage-en-albanie-tirana-parc-fontaine.jpg 700w, https:\/\/decorez-moi.fr\/blog\/wp-content\/uploads\/2020\/10\/voyage-en-albanie-tirana-parc-fontaine-480x309.jpg 480w\" sizes=\"auto, (min-width: 0px) and (max-width: 480px) 480px, (min-width: 481px) 700px, 100vw\" \/><\/figure><\/li><li class=\"blocks-gallery-item\"><figure><img loading=\"lazy\" decoding=\"async\" width=\"700\" height=\"450\" src=\"https:\/\/decorez-moi.fr\/blog\/wp-content\/uploads\/2020\/10\/voyage-en-albanie-tirana-parc-cigogne.jpg\" alt=\"\" data-id=\"1839\" data-full-url=\"https:\/\/decorez-moi.fr\/blog\/wp-content\/uploads\/2020\/10\/voyage-en-albanie-tirana-parc-cigogne.jpg\" data-link=\"https:\/\/decorez-moi.fr\/blog\/?attachment_id=1839\" class=\"wp-image-1839\" srcset=\"https:\/\/decorez-moi.fr\/blog\/wp-content\/uploads\/2020\/10\/voyage-en-albanie-tirana-parc-cigogne.jpg 700w, https:\/\/decorez-moi.fr\/blog\/wp-content\/uploads\/2020\/10\/voyage-en-albanie-tirana-parc-cigogne-480x309.jpg 480w\" sizes=\"auto, (min-width: 0px) and (max-width: 480px) 480px, (min-width: 481px) 700px, 100vw\" \/><\/figure><\/li><\/ul><\/figure>\n\n\n\n<p>Ensuite, baladez-vous dans le grand parc de la ville \u00e0 cot\u00e9 de l&rsquo;\u00e9glise et de la mosqu\u00e9e ! Honn\u00eatement, je ne m&rsquo;attendais pas \u00e0 visiter une capital aussi dynamique et jolie ! J&rsquo;ai ador\u00e9 Tirana \u2665 <\/p>\n\n\n\n<ul class=\"wp-block-list\"><li>Pour vous loger, il y a des logements tr\u00e8s abordables sur <strong>Booking.com<\/strong> ! 30 euro la nuit avec petit d\u00e9jeuner (Hotel Vila e Arte City Center) en plein centre ville !<\/li><li>Pour les repas, les prix sont tr\u00e8s abordables ! Vous pouvez manger une nourriture local et traditionnel pour vraiment pas grand chose avec une multitude de plats sur la table ! Un vrai r\u00e9gal \u2665<\/li><\/ul>\n\n\n\n<h2 class=\"wp-block-heading\">Visite d&rsquo;Elbasan et du canyon Holta &#8211; voyage en Albanie<\/h2>\n\n\n\n<p>Nous nous dirigeons maintenant vers la ville d&rsquo;Elbasan ! Proche de Tirana, comptez 45 minutes de voiture.<br>Je vous conseille de visiter le ch\u00e2teau d&rsquo;Elbasan. La citadelle d&rsquo;Elbasan est une forteresse albanaise remplie d&rsquo;histoire !<br>Apr\u00e8s avoir d\u00e9jeun\u00e9, nous reprenons la voiture pour aller visiter les gorges Holta proche de la ville ! (1h de route depuis Elbasan pour rejoindre le canyon Holta)<\/p>\n\n\n\n<div class=\"wp-block-image\"><figure class=\"aligncenter size-large\"><img loading=\"lazy\" decoding=\"async\" width=\"690\" height=\"450\" src=\"https:\/\/decorez-moi.fr\/blog\/wp-content\/uploads\/2020\/11\/voyage-en-albanie-gorge-elbasan.jpg\" alt=\"voyage en Albanie et visite des gorges d'Elbasan\" class=\"wp-image-2344\" srcset=\"https:\/\/decorez-moi.fr\/blog\/wp-content\/uploads\/2020\/11\/voyage-en-albanie-gorge-elbasan.jpg 690w, https:\/\/decorez-moi.fr\/blog\/wp-content\/uploads\/2020\/11\/voyage-en-albanie-gorge-elbasan-480x313.jpg 480w\" sizes=\"auto, (min-width: 0px) and (max-width: 480px) 480px, (min-width: 481px) 690px, 100vw\" \/><\/figure><\/div>\n\n\n\n<p>C&rsquo;est le meilleur moyen pour se rafraichir l&rsquo;\u00e9t\u00e9 ! Un moment magique et incroyable, j&rsquo;\u00e9tais \u00e9bahie devant la beaut\u00e9 de cette nature.<br>Nous rentrons sur Elbasan pour se reposer dans <a rel=\"noreferrer noopener\" href=\"https:\/\/www.tripadvisor.fr\/Hotel_Review-g774870-d12436652-Reviews-Backpacker_Hostel-Elbasan_Elbasan_County.html\" target=\"_blank\">l&rsquo;auberge de jeunesse<\/a> de mon ami. Elle est situ\u00e9e \u00e0 10 minutes \u00e0 pied du centre-ville !<\/p>\n\n\n\n<h2 class=\"wp-block-heading\">Direction le lac d&rsquo;Ohrid pour visiter Pogradec<\/h2>\n\n\n\n<p>Aujourd&rsquo;hui, nous partons visiter la petite ville de Pogradec, \u00e0 1h30 de route d&rsquo;Elbasan.<br>Le lac d&rsquo;Ohrid est l&rsquo;un des plus vieux lacs du monde ! Il est \u00e0 la fronti\u00e8re entre l&rsquo;Albanie et la Mac\u00e9doine du Nord.<\/p>\n\n\n\n<figure class=\"wp-block-gallery columns-2 is-cropped wp-block-gallery-5 is-layout-flex wp-block-gallery-is-layout-flex\"><ul class=\"blocks-gallery-grid\"><li class=\"blocks-gallery-item\"><figure><img loading=\"lazy\" decoding=\"async\" width=\"690\" height=\"450\" src=\"https:\/\/decorez-moi.fr\/blog\/wp-content\/uploads\/2020\/11\/lac-ohrid-visite-pogradec-voyage-en-albanie.jpg\" alt=\"\" data-id=\"2382\" data-full-url=\"https:\/\/decorez-moi.fr\/blog\/wp-content\/uploads\/2020\/11\/lac-ohrid-visite-pogradec-voyage-en-albanie.jpg\" data-link=\"https:\/\/decorez-moi.fr\/blog\/?attachment_id=2382\" class=\"wp-image-2382\" srcset=\"https:\/\/decorez-moi.fr\/blog\/wp-content\/uploads\/2020\/11\/lac-ohrid-visite-pogradec-voyage-en-albanie.jpg 690w, https:\/\/decorez-moi.fr\/blog\/wp-content\/uploads\/2020\/11\/lac-ohrid-visite-pogradec-voyage-en-albanie-480x313.jpg 480w\" sizes=\"auto, (min-width: 0px) and (max-width: 480px) 480px, (min-width: 481px) 690px, 100vw\" \/><\/figure><\/li><li class=\"blocks-gallery-item\"><figure><img loading=\"lazy\" decoding=\"async\" width=\"690\" height=\"450\" src=\"https:\/\/decorez-moi.fr\/blog\/wp-content\/uploads\/2020\/11\/pogradec-lac-ohrid-voyage-en-albanie.jpg\" alt=\"\" data-id=\"2381\" data-full-url=\"https:\/\/decorez-moi.fr\/blog\/wp-content\/uploads\/2020\/11\/pogradec-lac-ohrid-voyage-en-albanie.jpg\" data-link=\"https:\/\/decorez-moi.fr\/blog\/?attachment_id=2381\" class=\"wp-image-2381\" srcset=\"https:\/\/decorez-moi.fr\/blog\/wp-content\/uploads\/2020\/11\/pogradec-lac-ohrid-voyage-en-albanie.jpg 690w, https:\/\/decorez-moi.fr\/blog\/wp-content\/uploads\/2020\/11\/pogradec-lac-ohrid-voyage-en-albanie-480x313.jpg 480w\" sizes=\"auto, (min-width: 0px) and (max-width: 480px) 480px, (min-width: 481px) 690px, 100vw\" \/><\/figure><\/li><\/ul><\/figure>\n\n\n\n<p>Cette petite ville est r\u00e9put\u00e9e pour avoir de tr\u00e8s bons restaurants servant du poisson fra\u00eechement p\u00e9ch\u00e9 ! C&rsquo;est un magnifique cadre avec un beau sable, parfait pour se reposer. Ville pittoresque \u00e0 ne pas manquer, elle constitue une journ\u00e9e d\u00e9tente avant de continuer le voyage.<\/p>\n\n\n\n<h2 class=\"wp-block-heading\">Le monast\u00e8re Ardenica et la rivi\u00e8re Vjosa en Albanie<\/h2>\n\n\n\n<p>Depuis Elbasan, comptez environ 1h20 pour vous rendre au monast\u00e8re Ardenica. Il se situe entre Lushnj\u00eb et Fier. C&rsquo;est le seul monast\u00e8re toujours en activit\u00e9 dans le pays.<\/p>\n\n\n\n<figure class=\"wp-block-gallery columns-2 is-cropped wp-block-gallery-6 is-layout-flex wp-block-gallery-is-layout-flex\"><ul class=\"blocks-gallery-grid\"><li class=\"blocks-gallery-item\"><figure><img loading=\"lazy\" decoding=\"async\" width=\"690\" height=\"450\" src=\"https:\/\/decorez-moi.fr\/blog\/wp-content\/uploads\/2020\/11\/ardenica-monastere-voyage-en-albanie.jpg\" alt=\"\" data-id=\"2350\" data-full-url=\"https:\/\/decorez-moi.fr\/blog\/wp-content\/uploads\/2020\/11\/ardenica-monastere-voyage-en-albanie.jpg\" data-link=\"https:\/\/decorez-moi.fr\/blog\/?attachment_id=2350\" class=\"wp-image-2350\" srcset=\"https:\/\/decorez-moi.fr\/blog\/wp-content\/uploads\/2020\/11\/ardenica-monastere-voyage-en-albanie.jpg 690w, https:\/\/decorez-moi.fr\/blog\/wp-content\/uploads\/2020\/11\/ardenica-monastere-voyage-en-albanie-480x313.jpg 480w\" sizes=\"auto, (min-width: 0px) and (max-width: 480px) 480px, (min-width: 481px) 690px, 100vw\" \/><\/figure><\/li><li class=\"blocks-gallery-item\"><figure><img loading=\"lazy\" decoding=\"async\" width=\"690\" height=\"450\" src=\"https:\/\/decorez-moi.fr\/blog\/wp-content\/uploads\/2020\/11\/voyage-en-albanie-visite-monastere-ardenica.jpg\" alt=\"\" data-id=\"2351\" data-full-url=\"https:\/\/decorez-moi.fr\/blog\/wp-content\/uploads\/2020\/11\/voyage-en-albanie-visite-monastere-ardenica.jpg\" data-link=\"https:\/\/decorez-moi.fr\/blog\/?attachment_id=2351\" class=\"wp-image-2351\" srcset=\"https:\/\/decorez-moi.fr\/blog\/wp-content\/uploads\/2020\/11\/voyage-en-albanie-visite-monastere-ardenica.jpg 690w, https:\/\/decorez-moi.fr\/blog\/wp-content\/uploads\/2020\/11\/voyage-en-albanie-visite-monastere-ardenica-480x313.jpg 480w\" sizes=\"auto, (min-width: 0px) and (max-width: 480px) 480px, (min-width: 481px) 690px, 100vw\" \/><\/figure><\/li><\/ul><\/figure>\n\n\n\n<p>Sur la route pour nous rendre \u00e0 Gjirokast\u00ebr (1h55), nous nous arr\u00eatons \u00e0 la rivi\u00e8re Vjosa pour se baigner et manger un morceau !<\/p>\n\n\n\n<figure class=\"wp-block-gallery columns-2 is-cropped wp-block-gallery-7 is-layout-flex wp-block-gallery-is-layout-flex\"><ul class=\"blocks-gallery-grid\"><li class=\"blocks-gallery-item\"><figure><img loading=\"lazy\" decoding=\"async\" width=\"690\" height=\"450\" src=\"https:\/\/decorez-moi.fr\/blog\/wp-content\/uploads\/2020\/11\/baignade-voyage-en-albanie-riviere-vjosa.jpg\" alt=\"\" data-id=\"2355\" data-full-url=\"https:\/\/decorez-moi.fr\/blog\/wp-content\/uploads\/2020\/11\/baignade-voyage-en-albanie-riviere-vjosa.jpg\" data-link=\"https:\/\/decorez-moi.fr\/blog\/?attachment_id=2355\" class=\"wp-image-2355\" srcset=\"https:\/\/decorez-moi.fr\/blog\/wp-content\/uploads\/2020\/11\/baignade-voyage-en-albanie-riviere-vjosa.jpg 690w, https:\/\/decorez-moi.fr\/blog\/wp-content\/uploads\/2020\/11\/baignade-voyage-en-albanie-riviere-vjosa-480x313.jpg 480w\" sizes=\"auto, (min-width: 0px) and (max-width: 480px) 480px, (min-width: 481px) 690px, 100vw\" \/><\/figure><\/li><li class=\"blocks-gallery-item\"><figure><img loading=\"lazy\" decoding=\"async\" width=\"690\" height=\"450\" src=\"https:\/\/decorez-moi.fr\/blog\/wp-content\/uploads\/2020\/11\/voyage-en-albanie-riviere-vjosa.jpg\" alt=\"\" data-id=\"2356\" data-full-url=\"https:\/\/decorez-moi.fr\/blog\/wp-content\/uploads\/2020\/11\/voyage-en-albanie-riviere-vjosa.jpg\" data-link=\"https:\/\/decorez-moi.fr\/blog\/?attachment_id=2356\" class=\"wp-image-2356\" srcset=\"https:\/\/decorez-moi.fr\/blog\/wp-content\/uploads\/2020\/11\/voyage-en-albanie-riviere-vjosa.jpg 690w, https:\/\/decorez-moi.fr\/blog\/wp-content\/uploads\/2020\/11\/voyage-en-albanie-riviere-vjosa-480x313.jpg 480w\" sizes=\"auto, (min-width: 0px) and (max-width: 480px) 480px, (min-width: 481px) 690px, 100vw\" \/><\/figure><\/li><\/ul><\/figure>\n\n\n\n<p>Quand j&rsquo;ai visit\u00e9 la vielle ville de Gjirokast\u00ebr, elle \u00e9tait en travaux. Depuis, ils sont termin\u00e9s et la ville est magnifique. Le sol est recouvert de pierres, ce qui apporte un charme fou \u00e0 ce lieu.<\/p>\n\n\n\n<h2 class=\"wp-block-heading\">Mon voyage en Albanie avec le visite de Gjirokast\u00ebr, blue eye et Butrint<\/h2>\n\n\n\n<p>Programme charg\u00e9 aujourd&rsquo;hui ! Ne perdons pas de temps et allons visiter de bon matin le ch\u00e2teau de Gjirokast\u00ebr.<br>Si vous aimez l&rsquo;histoire, ne ratez pas cette visite. Arriv\u00e9s en haut, vous pouvez voir la ville de Gjirokast\u00ebr en contrebas et les montagnes en second plan, c&rsquo;est magnifique !<\/p>\n\n\n\n<figure class=\"wp-block-gallery columns-2 is-cropped wp-block-gallery-8 is-layout-flex wp-block-gallery-is-layout-flex\"><ul class=\"blocks-gallery-grid\"><li class=\"blocks-gallery-item\"><figure><img loading=\"lazy\" decoding=\"async\" width=\"690\" height=\"450\" src=\"https:\/\/decorez-moi.fr\/blog\/wp-content\/uploads\/2020\/11\/chateau-gjirokaster-a-visiter-voyage-en-albanie.jpg\" alt=\"\" data-id=\"2362\" data-full-url=\"https:\/\/decorez-moi.fr\/blog\/wp-content\/uploads\/2020\/11\/chateau-gjirokaster-a-visiter-voyage-en-albanie.jpg\" data-link=\"https:\/\/decorez-moi.fr\/blog\/?attachment_id=2362\" class=\"wp-image-2362\" srcset=\"https:\/\/decorez-moi.fr\/blog\/wp-content\/uploads\/2020\/11\/chateau-gjirokaster-a-visiter-voyage-en-albanie.jpg 690w, https:\/\/decorez-moi.fr\/blog\/wp-content\/uploads\/2020\/11\/chateau-gjirokaster-a-visiter-voyage-en-albanie-480x313.jpg 480w\" sizes=\"auto, (min-width: 0px) and (max-width: 480px) 480px, (min-width: 481px) 690px, 100vw\" \/><\/figure><\/li><li class=\"blocks-gallery-item\"><figure><img loading=\"lazy\" decoding=\"async\" width=\"690\" height=\"450\" src=\"https:\/\/decorez-moi.fr\/blog\/wp-content\/uploads\/2020\/11\/visiter-chateau-de-gjirokaster-voyage-en-albanie.jpg\" alt=\"\" data-id=\"2363\" data-full-url=\"https:\/\/decorez-moi.fr\/blog\/wp-content\/uploads\/2020\/11\/visiter-chateau-de-gjirokaster-voyage-en-albanie.jpg\" data-link=\"https:\/\/decorez-moi.fr\/blog\/?attachment_id=2363\" class=\"wp-image-2363\" srcset=\"https:\/\/decorez-moi.fr\/blog\/wp-content\/uploads\/2020\/11\/visiter-chateau-de-gjirokaster-voyage-en-albanie.jpg 690w, https:\/\/decorez-moi.fr\/blog\/wp-content\/uploads\/2020\/11\/visiter-chateau-de-gjirokaster-voyage-en-albanie-480x313.jpg 480w\" sizes=\"auto, (min-width: 0px) and (max-width: 480px) 480px, (min-width: 481px) 690px, 100vw\" \/><\/figure><\/li><\/ul><\/figure>\n\n\n\n<p>La visite est termin\u00e9e, nous prenons la voiture pour se rendre \u00e0 l&rsquo;incontournable \u00ab\u00a0blue eye\u00a0\u00bb (\u0153il bleu) proche de Delvin\u00eb (1h de route). Un spectacle incroyable rempli de couleurs ! Vous pouvez m\u00eame plonger du haut d&rsquo;un ponton. Mais attention l&rsquo;eau y est fra\u00eeche et il y a du courant.<\/p>\n\n\n\n<div class=\"wp-block-image\"><figure class=\"aligncenter size-large\"><img loading=\"lazy\" decoding=\"async\" width=\"356\" height=\"450\" src=\"https:\/\/decorez-moi.fr\/blog\/wp-content\/uploads\/2020\/11\/bleu-eye-oeil-bleu-voyage-en-albanie.jpg\" alt=\"voyage en Albanie et visite de l'\u0153il bleu\" class=\"wp-image-2361\" srcset=\"https:\/\/decorez-moi.fr\/blog\/wp-content\/uploads\/2020\/11\/bleu-eye-oeil-bleu-voyage-en-albanie.jpg 356w, https:\/\/decorez-moi.fr\/blog\/wp-content\/uploads\/2020\/11\/bleu-eye-oeil-bleu-voyage-en-albanie-237x300.jpg 237w\" sizes=\"auto, (max-width: 356px) 100vw, 356px\" \/><\/figure><\/div>\n\n\n\n<p>Petite pause d\u00e9tente et d\u00e9jeuner apr\u00e8s 1h de route pour nous rendre \u00e0 la plage \u00ab\u00a0Ksamil beach\u00a0\u00bb. D\u00e9gustation de fruits de mer et baignade sont les activit\u00e9s de cette apr\u00e8s-midi \u2665<br>Nous avons bien profit\u00e9 de la plage, nous terminons cette journ\u00e9e avec la visite du site arch\u00e9ologique de Butrint \u00e0 30 minutes de voiture.<\/p>\n\n\n\n<figure class=\"wp-block-gallery columns-2 is-cropped wp-block-gallery-9 is-layout-flex wp-block-gallery-is-layout-flex\"><ul class=\"blocks-gallery-grid\"><li class=\"blocks-gallery-item\"><figure><img loading=\"lazy\" decoding=\"async\" width=\"690\" height=\"450\" src=\"https:\/\/decorez-moi.fr\/blog\/wp-content\/uploads\/2020\/11\/voyage-en-albanie-visite-site-archeologique-butrint.jpg\" alt=\"\" data-id=\"2392\" data-full-url=\"https:\/\/decorez-moi.fr\/blog\/wp-content\/uploads\/2020\/11\/voyage-en-albanie-visite-site-archeologique-butrint.jpg\" data-link=\"https:\/\/decorez-moi.fr\/blog\/?attachment_id=2392\" class=\"wp-image-2392\" srcset=\"https:\/\/decorez-moi.fr\/blog\/wp-content\/uploads\/2020\/11\/voyage-en-albanie-visite-site-archeologique-butrint.jpg 690w, https:\/\/decorez-moi.fr\/blog\/wp-content\/uploads\/2020\/11\/voyage-en-albanie-visite-site-archeologique-butrint-480x313.jpg 480w\" sizes=\"auto, (min-width: 0px) and (max-width: 480px) 480px, (min-width: 481px) 690px, 100vw\" \/><\/figure><\/li><li class=\"blocks-gallery-item\"><figure><img loading=\"lazy\" decoding=\"async\" width=\"690\" height=\"450\" src=\"https:\/\/decorez-moi.fr\/blog\/wp-content\/uploads\/2020\/11\/visite-site-archeologique-butrint-voyage-en-albanie.jpg\" alt=\"\" data-id=\"2393\" data-full-url=\"https:\/\/decorez-moi.fr\/blog\/wp-content\/uploads\/2020\/11\/visite-site-archeologique-butrint-voyage-en-albanie.jpg\" data-link=\"https:\/\/decorez-moi.fr\/blog\/?attachment_id=2393\" class=\"wp-image-2393\" srcset=\"https:\/\/decorez-moi.fr\/blog\/wp-content\/uploads\/2020\/11\/visite-site-archeologique-butrint-voyage-en-albanie.jpg 690w, https:\/\/decorez-moi.fr\/blog\/wp-content\/uploads\/2020\/11\/visite-site-archeologique-butrint-voyage-en-albanie-480x313.jpg 480w\" sizes=\"auto, (min-width: 0px) and (max-width: 480px) 480px, (min-width: 481px) 690px, 100vw\" \/><\/figure><\/li><\/ul><\/figure>\n\n\n\n<p>Se balader dans Butrint est tr\u00e8s plaisant, prenez votre temps. Vous allez retrouver des vestiges et des ruines bien restaur\u00e9es dans un environnement agr\u00e9able.<br>Une fois la visite termin\u00e9e, nous nous rendons dans la ville de Sarand\u00eb \u00e0 40 minutes de route. Si vous aimez faire la f\u00eate, cette ville est tr\u00e8s anim\u00e9e le soir ! Ville baln\u00e9aire sur la Riviera albanaise.<\/p>\n\n\n\n<h2 class=\"wp-block-heading\">Visiter P\u00ebrmet et Qeparo en Albanie !<\/h2>\n\n\n\n<p>Aujourd&rsquo;hui, nous modifions l\u00e9g\u00e8rement l&rsquo;itin\u00e9raire pour aller visiter Permet \u00e0 2h10 de route de Sarand\u00eb. J&rsquo;adore les paysages de l&rsquo;Albanie, avec leurs longues routes interminables jonch\u00e9es de montagnes et leurs multiples stations essence; J&rsquo;ai l&rsquo;impression d&rsquo;\u00eatre dans un autre temps \u2665<br>Nous arrivons aux bains thermaux de P\u00ebrmet ! L&rsquo;endroit est tr\u00e8s sympa ! Mais il y a un peu trop de monde comme nous sommes en ao\u00fbt. Vous pouvez vous balader dans les gorges juste derri\u00e8re !<\/p>\n\n\n\n<figure class=\"wp-block-gallery columns-2 is-cropped wp-block-gallery-10 is-layout-flex wp-block-gallery-is-layout-flex\"><ul class=\"blocks-gallery-grid\"><li class=\"blocks-gallery-item\"><figure><img loading=\"lazy\" decoding=\"async\" width=\"690\" height=\"450\" src=\"https:\/\/decorez-moi.fr\/blog\/wp-content\/uploads\/2020\/11\/voyager-en-albanie-les-routes-et-les-montagnes.jpg\" alt=\"\" data-id=\"2400\" data-link=\"https:\/\/decorez-moi.fr\/blog\/?attachment_id=2400\" class=\"wp-image-2400\" srcset=\"https:\/\/decorez-moi.fr\/blog\/wp-content\/uploads\/2020\/11\/voyager-en-albanie-les-routes-et-les-montagnes.jpg 690w, https:\/\/decorez-moi.fr\/blog\/wp-content\/uploads\/2020\/11\/voyager-en-albanie-les-routes-et-les-montagnes-480x313.jpg 480w\" sizes=\"auto, (min-width: 0px) and (max-width: 480px) 480px, (min-width: 481px) 690px, 100vw\" \/><\/figure><\/li><li class=\"blocks-gallery-item\"><figure><img loading=\"lazy\" decoding=\"async\" width=\"690\" height=\"450\" src=\"https:\/\/decorez-moi.fr\/blog\/wp-content\/uploads\/2020\/11\/bain-thermal-en-albanie-permet.jpg\" alt=\"\" data-id=\"2399\" data-link=\"https:\/\/decorez-moi.fr\/blog\/?attachment_id=2399\" class=\"wp-image-2399\" srcset=\"https:\/\/decorez-moi.fr\/blog\/wp-content\/uploads\/2020\/11\/bain-thermal-en-albanie-permet.jpg 690w, https:\/\/decorez-moi.fr\/blog\/wp-content\/uploads\/2020\/11\/bain-thermal-en-albanie-permet-480x313.jpg 480w\" sizes=\"auto, (min-width: 0px) and (max-width: 480px) 480px, (min-width: 481px) 690px, 100vw\" \/><\/figure><\/li><\/ul><\/figure>\n\n\n\n<p>Nous visitons P\u00ebrmet dans la journ\u00e9e. La ville n&rsquo;est pas tr\u00e8s grande, nous avons le temps de faire le tour et de profiter des bons petits restaurants sur place.<br>Vous pouvez grimper en haut du rocher de P\u00ebrmet pour avoir une vue \u00e9poustouflante sur la ville et la rivi\u00e8re. Il est d\u00e9j\u00e0 temps de rentrer !<\/p>\n\n\n\n<div class=\"wp-block-image\"><figure class=\"aligncenter size-large\"><img loading=\"lazy\" decoding=\"async\" width=\"690\" height=\"450\" src=\"https:\/\/decorez-moi.fr\/blog\/wp-content\/uploads\/2020\/11\/visite-permet-voyage-en-albanie.jpg\" alt=\"\" class=\"wp-image-2405\" srcset=\"https:\/\/decorez-moi.fr\/blog\/wp-content\/uploads\/2020\/11\/visite-permet-voyage-en-albanie.jpg 690w, https:\/\/decorez-moi.fr\/blog\/wp-content\/uploads\/2020\/11\/visite-permet-voyage-en-albanie-480x313.jpg 480w\" sizes=\"auto, (min-width: 0px) and (max-width: 480px) 480px, (min-width: 481px) 690px, 100vw\" \/><\/figure><\/div>\n\n\n\n<h2 class=\"wp-block-heading\">Qeparo, un village pittoresque encore peu connu !<\/h2>\n\n\n\n<p>Alors l\u00e0&#8230; r\u00e9el coup de c\u0153ur pour ce petit village pittoresque rempli de charme, a 1h de route de Sarand\u00eb ! Allez vous perdre dans les petites ruelles en pav\u00e9s de Qeparo et mangez un morceau dans le bar du village ! Toujours en compagnie d&rsquo;un superbe soleil ! <\/p>\n\n\n\n<figure class=\"wp-block-gallery columns-2 is-cropped wp-block-gallery-11 is-layout-flex wp-block-gallery-is-layout-flex\"><ul class=\"blocks-gallery-grid\"><li class=\"blocks-gallery-item\"><figure><img loading=\"lazy\" decoding=\"async\" width=\"690\" height=\"450\" src=\"https:\/\/decorez-moi.fr\/blog\/wp-content\/uploads\/2020\/11\/village-pittoresque-qeparo-voyage-en-albanie.jpg\" alt=\"\" data-id=\"2412\" data-full-url=\"https:\/\/decorez-moi.fr\/blog\/wp-content\/uploads\/2020\/11\/village-pittoresque-qeparo-voyage-en-albanie.jpg\" data-link=\"https:\/\/decorez-moi.fr\/blog\/?attachment_id=2412\" class=\"wp-image-2412\" srcset=\"https:\/\/decorez-moi.fr\/blog\/wp-content\/uploads\/2020\/11\/village-pittoresque-qeparo-voyage-en-albanie.jpg 690w, https:\/\/decorez-moi.fr\/blog\/wp-content\/uploads\/2020\/11\/village-pittoresque-qeparo-voyage-en-albanie-480x313.jpg 480w\" sizes=\"auto, (min-width: 0px) and (max-width: 480px) 480px, (min-width: 481px) 690px, 100vw\" \/><\/figure><\/li><li class=\"blocks-gallery-item\"><figure><img loading=\"lazy\" decoding=\"async\" width=\"690\" height=\"450\" src=\"https:\/\/decorez-moi.fr\/blog\/wp-content\/uploads\/2020\/11\/coup-de-coeur-qeparo-voyage-en-albanie.jpg\" alt=\"\" data-id=\"2411\" data-full-url=\"https:\/\/decorez-moi.fr\/blog\/wp-content\/uploads\/2020\/11\/coup-de-coeur-qeparo-voyage-en-albanie.jpg\" data-link=\"https:\/\/decorez-moi.fr\/blog\/?attachment_id=2411\" class=\"wp-image-2411\" srcset=\"https:\/\/decorez-moi.fr\/blog\/wp-content\/uploads\/2020\/11\/coup-de-coeur-qeparo-voyage-en-albanie.jpg 690w, https:\/\/decorez-moi.fr\/blog\/wp-content\/uploads\/2020\/11\/coup-de-coeur-qeparo-voyage-en-albanie-480x313.jpg 480w\" sizes=\"auto, (min-width: 0px) and (max-width: 480px) 480px, (min-width: 481px) 690px, 100vw\" \/><\/figure><\/li><\/ul><\/figure>\n\n\n\n<div class=\"wp-block-image\"><figure class=\"aligncenter size-large\"><img loading=\"lazy\" decoding=\"async\" width=\"690\" height=\"450\" src=\"https:\/\/decorez-moi.fr\/blog\/wp-content\/uploads\/2020\/11\/qeparo-village-pittoresque-en-albanie.jpg\" alt=\"village pittoresque de Qeparo \u00e0 visiter en Albanie\" class=\"wp-image-2413\" srcset=\"https:\/\/decorez-moi.fr\/blog\/wp-content\/uploads\/2020\/11\/qeparo-village-pittoresque-en-albanie.jpg 690w, https:\/\/decorez-moi.fr\/blog\/wp-content\/uploads\/2020\/11\/qeparo-village-pittoresque-en-albanie-480x313.jpg 480w\" sizes=\"auto, (min-width: 0px) and (max-width: 480px) 480px, (min-width: 481px) 690px, 100vw\" \/><\/figure><\/div>\n\n\n\n<p>Une fois que vous \u00eates descendu du village perch\u00e9 de Qeparo, vous allez trouver des plages et restaurants tout le long.<br>Il est important de prendre du bon temps en vacances. Cet endroit nous a paru id\u00e9al pour une apr\u00e8s-midi baignade et cr\u00e8me solaire !<\/p>\n\n\n\n<figure class=\"wp-block-gallery columns-2 is-cropped wp-block-gallery-12 is-layout-flex wp-block-gallery-is-layout-flex\"><ul class=\"blocks-gallery-grid\"><li class=\"blocks-gallery-item\"><figure><img loading=\"lazy\" decoding=\"async\" width=\"690\" height=\"450\" src=\"https:\/\/decorez-moi.fr\/blog\/wp-content\/uploads\/2020\/11\/plage-qeparo-voyage-en-albanie.jpg\" alt=\"\" data-id=\"2410\" data-full-url=\"https:\/\/decorez-moi.fr\/blog\/wp-content\/uploads\/2020\/11\/plage-qeparo-voyage-en-albanie.jpg\" data-link=\"https:\/\/decorez-moi.fr\/blog\/?attachment_id=2410\" class=\"wp-image-2410\" srcset=\"https:\/\/decorez-moi.fr\/blog\/wp-content\/uploads\/2020\/11\/plage-qeparo-voyage-en-albanie.jpg 690w, https:\/\/decorez-moi.fr\/blog\/wp-content\/uploads\/2020\/11\/plage-qeparo-voyage-en-albanie-480x313.jpg 480w\" sizes=\"auto, (min-width: 0px) and (max-width: 480px) 480px, (min-width: 481px) 690px, 100vw\" \/><\/figure><\/li><li class=\"blocks-gallery-item\"><figure><img loading=\"lazy\" decoding=\"async\" width=\"690\" height=\"450\" src=\"https:\/\/decorez-moi.fr\/blog\/wp-content\/uploads\/2020\/11\/plage-qeparo-visiter-albanie.jpg\" alt=\"\" data-id=\"2409\" data-full-url=\"https:\/\/decorez-moi.fr\/blog\/wp-content\/uploads\/2020\/11\/plage-qeparo-visiter-albanie.jpg\" data-link=\"https:\/\/decorez-moi.fr\/blog\/?attachment_id=2409\" class=\"wp-image-2409\" srcset=\"https:\/\/decorez-moi.fr\/blog\/wp-content\/uploads\/2020\/11\/plage-qeparo-visiter-albanie.jpg 690w, https:\/\/decorez-moi.fr\/blog\/wp-content\/uploads\/2020\/11\/plage-qeparo-visiter-albanie-480x313.jpg 480w\" sizes=\"auto, (min-width: 0px) and (max-width: 480px) 480px, (min-width: 481px) 690px, 100vw\" \/><\/figure><\/li><\/ul><\/figure>\n\n\n\n<h2 class=\"wp-block-heading\">Plage de Livadh et plage de Gjipe en kayak<\/h2>\n\n\n\n<p>Apr\u00e8s la journ\u00e9e d\u00e9tente \u00e0 Qeparo, place au sport et au kayak ! Nous partons pour la plage de Livadh (26 minutes de voiture de Qeparo) pour rejoindre la plage de Gjipe en kayak.<\/p>\n\n\n\n<figure class=\"wp-block-gallery columns-2 is-cropped wp-block-gallery-13 is-layout-flex wp-block-gallery-is-layout-flex\"><ul class=\"blocks-gallery-grid\"><li class=\"blocks-gallery-item\"><figure><img loading=\"lazy\" decoding=\"async\" width=\"690\" height=\"450\" src=\"https:\/\/decorez-moi.fr\/blog\/wp-content\/uploads\/2020\/11\/kayak-mer-adriatique-plage-livadh-voyage-en-albanie.jpg\" alt=\"\" data-id=\"2422\" data-full-url=\"https:\/\/decorez-moi.fr\/blog\/wp-content\/uploads\/2020\/11\/kayak-mer-adriatique-plage-livadh-voyage-en-albanie.jpg\" data-link=\"https:\/\/decorez-moi.fr\/blog\/?attachment_id=2422\" class=\"wp-image-2422\" srcset=\"https:\/\/decorez-moi.fr\/blog\/wp-content\/uploads\/2020\/11\/kayak-mer-adriatique-plage-livadh-voyage-en-albanie.jpg 690w, https:\/\/decorez-moi.fr\/blog\/wp-content\/uploads\/2020\/11\/kayak-mer-adriatique-plage-livadh-voyage-en-albanie-480x313.jpg 480w\" sizes=\"auto, (min-width: 0px) and (max-width: 480px) 480px, (min-width: 481px) 690px, 100vw\" \/><\/figure><\/li><li class=\"blocks-gallery-item\"><figure><img loading=\"lazy\" decoding=\"async\" width=\"690\" height=\"450\" src=\"https:\/\/decorez-moi.fr\/blog\/wp-content\/uploads\/2020\/11\/plage-livadh-kaya-voyage-en-albanie.jpg\" alt=\"\" data-id=\"2423\" data-full-url=\"https:\/\/decorez-moi.fr\/blog\/wp-content\/uploads\/2020\/11\/plage-livadh-kaya-voyage-en-albanie.jpg\" data-link=\"https:\/\/decorez-moi.fr\/blog\/?attachment_id=2423\" class=\"wp-image-2423\" srcset=\"https:\/\/decorez-moi.fr\/blog\/wp-content\/uploads\/2020\/11\/plage-livadh-kaya-voyage-en-albanie.jpg 690w, https:\/\/decorez-moi.fr\/blog\/wp-content\/uploads\/2020\/11\/plage-livadh-kaya-voyage-en-albanie-480x313.jpg 480w\" sizes=\"auto, (min-width: 0px) and (max-width: 480px) 480px, (min-width: 481px) 690px, 100vw\" \/><\/figure><\/li><\/ul><\/figure>\n\n\n\n<p>Faire du kayak dans la mer adriatique \u00e9tait une super exp\u00e9rience. S&rsquo;arr\u00eater dans les petites criques pour y faire une pause pique-nique, ce sont des moments tellement agr\u00e9ables \u2665 (toujours en compagnie de <a rel=\"noreferrer noopener\" href=\"http:\/\/www.evasionalbanie.com\/#home\" target=\"_blank\">notre guide local<\/a>).<br>Vous pouvez \u00e9galement apercevoir des grottes !<\/p>\n\n\n\n<div class=\"wp-block-image\"><figure class=\"aligncenter size-large\"><img loading=\"lazy\" decoding=\"async\" width=\"690\" height=\"450\" src=\"https:\/\/decorez-moi.fr\/blog\/wp-content\/uploads\/2020\/11\/grotte-secrete-baie-livadh-mer-adriatique-albanie.jpg\" alt=\"grotte secr\u00e8te en Albanie proche de la plage de Livadh\" class=\"wp-image-2426\" srcset=\"https:\/\/decorez-moi.fr\/blog\/wp-content\/uploads\/2020\/11\/grotte-secrete-baie-livadh-mer-adriatique-albanie.jpg 690w, https:\/\/decorez-moi.fr\/blog\/wp-content\/uploads\/2020\/11\/grotte-secrete-baie-livadh-mer-adriatique-albanie-480x313.jpg 480w\" sizes=\"auto, (min-width: 0px) and (max-width: 480px) 480px, (min-width: 481px) 690px, 100vw\" \/><\/figure><\/div>\n\n\n\n<p>Une fois arriv\u00e9s sur la plage de Gjipe, nous partons visiter le canyon situ\u00e9 juste derri\u00e8re la plage ! <br>Nou ramassons du bois mort pour pouvoir allumer un feu de camp et nous installons les tentes. Ce soir nous dormons en bivouac !<\/p>\n\n\n\n<figure class=\"wp-block-gallery columns-2 is-cropped wp-block-gallery-14 is-layout-flex wp-block-gallery-is-layout-flex\"><ul class=\"blocks-gallery-grid\"><li class=\"blocks-gallery-item\"><figure><img loading=\"lazy\" decoding=\"async\" width=\"690\" height=\"450\" src=\"https:\/\/decorez-moi.fr\/blog\/wp-content\/uploads\/2020\/11\/plage-gjipe-voyage-en-albanie.jpg\" alt=\"\" data-id=\"2427\" data-full-url=\"https:\/\/decorez-moi.fr\/blog\/wp-content\/uploads\/2020\/11\/plage-gjipe-voyage-en-albanie.jpg\" data-link=\"https:\/\/decorez-moi.fr\/blog\/?attachment_id=2427\" class=\"wp-image-2427\" srcset=\"https:\/\/decorez-moi.fr\/blog\/wp-content\/uploads\/2020\/11\/plage-gjipe-voyage-en-albanie.jpg 690w, https:\/\/decorez-moi.fr\/blog\/wp-content\/uploads\/2020\/11\/plage-gjipe-voyage-en-albanie-480x313.jpg 480w\" sizes=\"auto, (min-width: 0px) and (max-width: 480px) 480px, (min-width: 481px) 690px, 100vw\" \/><\/figure><\/li><li class=\"blocks-gallery-item\"><figure><img loading=\"lazy\" decoding=\"async\" width=\"690\" height=\"450\" src=\"https:\/\/decorez-moi.fr\/blog\/wp-content\/uploads\/2020\/11\/canyon-plage-gjipe-voyage-en-albanie.jpg\" alt=\"\" data-id=\"2428\" data-full-url=\"https:\/\/decorez-moi.fr\/blog\/wp-content\/uploads\/2020\/11\/canyon-plage-gjipe-voyage-en-albanie.jpg\" data-link=\"https:\/\/decorez-moi.fr\/blog\/?attachment_id=2428\" class=\"wp-image-2428\" srcset=\"https:\/\/decorez-moi.fr\/blog\/wp-content\/uploads\/2020\/11\/canyon-plage-gjipe-voyage-en-albanie.jpg 690w, https:\/\/decorez-moi.fr\/blog\/wp-content\/uploads\/2020\/11\/canyon-plage-gjipe-voyage-en-albanie-480x313.jpg 480w\" sizes=\"auto, (min-width: 0px) and (max-width: 480px) 480px, (min-width: 481px) 690px, 100vw\" \/><\/figure><\/li><\/ul><\/figure>\n\n\n\n<h2 class=\"wp-block-heading\">Randonn\u00e9e dans le Parc national Llogara<\/h2>\n\n\n\n<p>Nous sommes r\u00e9veill\u00e9s par le soleil matinal. Petit d\u00e9jeuner et il est d\u00e9j\u00e0 l&rsquo;heure de reprendre nos kayaks, notre chauffeur nous attend sur une plage non loin pour aller visiter le Parc national Llogara (1h de route).<br>Nous continuons dans le sport avec une belle randonn\u00e9e dans ce parc national avec des magnifiques for\u00eats ! <\/p>\n\n\n\n<figure class=\"wp-block-gallery columns-2 is-cropped wp-block-gallery-15 is-layout-flex wp-block-gallery-is-layout-flex\"><ul class=\"blocks-gallery-grid\"><li class=\"blocks-gallery-item\"><figure><img loading=\"lazy\" decoding=\"async\" width=\"690\" height=\"450\" src=\"https:\/\/decorez-moi.fr\/blog\/wp-content\/uploads\/2020\/11\/randonnee-parc-nationel-llogara-albanie.jpg\" alt=\"\" data-id=\"2433\" data-full-url=\"https:\/\/decorez-moi.fr\/blog\/wp-content\/uploads\/2020\/11\/randonnee-parc-nationel-llogara-albanie.jpg\" data-link=\"https:\/\/decorez-moi.fr\/blog\/?attachment_id=2433\" class=\"wp-image-2433\" srcset=\"https:\/\/decorez-moi.fr\/blog\/wp-content\/uploads\/2020\/11\/randonnee-parc-nationel-llogara-albanie.jpg 690w, https:\/\/decorez-moi.fr\/blog\/wp-content\/uploads\/2020\/11\/randonnee-parc-nationel-llogara-albanie-480x313.jpg 480w\" sizes=\"auto, (min-width: 0px) and (max-width: 480px) 480px, (min-width: 481px) 690px, 100vw\" \/><\/figure><\/li><li class=\"blocks-gallery-item\"><figure><img loading=\"lazy\" decoding=\"async\" width=\"690\" height=\"450\" src=\"https:\/\/decorez-moi.fr\/blog\/wp-content\/uploads\/2020\/11\/parc-national-llogara-voyage-en-albanie.jpg\" alt=\"\" data-id=\"2434\" data-full-url=\"https:\/\/decorez-moi.fr\/blog\/wp-content\/uploads\/2020\/11\/parc-national-llogara-voyage-en-albanie.jpg\" data-link=\"https:\/\/decorez-moi.fr\/blog\/?attachment_id=2434\" class=\"wp-image-2434\" srcset=\"https:\/\/decorez-moi.fr\/blog\/wp-content\/uploads\/2020\/11\/parc-national-llogara-voyage-en-albanie.jpg 690w, https:\/\/decorez-moi.fr\/blog\/wp-content\/uploads\/2020\/11\/parc-national-llogara-voyage-en-albanie-480x313.jpg 480w\" sizes=\"auto, (min-width: 0px) and (max-width: 480px) 480px, (min-width: 481px) 690px, 100vw\" \/><\/figure><\/li><\/ul><\/figure>\n\n\n\n<p>Cette journ\u00e9e \u00e9tait \u00e9puisante ! Un bon repas, du repos dans un h\u00f4tel confortable, et nous pourrons continuer le voyage.<br>Vous pouvez retrouver les chemins des randonn\u00e9es sur Internet.<\/p>\n\n\n\n<h2 class=\"wp-block-heading\">Site arch\u00e9ologique d&rsquo;Apollonia et visite de Berat dans ce voyage en Albanie<\/h2>\n\n\n\n<p>Du parc de Liogara nous allons visiter le site class\u00e9 Apollonia, \u00e0 1h25 de route. Pour les amateurs d&rsquo;histoire, c&rsquo;est une ancienne cit\u00e9 grecque que je vous conseille fortement de visiter !<br>Allez d\u00e9couvrir le plus grand parc arch\u00e9ologique d&rsquo;Albanie class\u00e9 \u00e0 l&rsquo;Unesco.<\/p>\n\n\n\n<figure class=\"wp-block-gallery columns-2 is-cropped wp-block-gallery-16 is-layout-flex wp-block-gallery-is-layout-flex\"><ul class=\"blocks-gallery-grid\"><li class=\"blocks-gallery-item\"><figure><img loading=\"lazy\" decoding=\"async\" width=\"700\" height=\"450\" src=\"https:\/\/decorez-moi.fr\/blog\/wp-content\/uploads\/2020\/11\/apollonia-berat-visite-en-albanie.jpg\" alt=\"\" data-id=\"2465\" data-full-url=\"https:\/\/decorez-moi.fr\/blog\/wp-content\/uploads\/2020\/11\/apollonia-berat-visite-en-albanie.jpg\" data-link=\"https:\/\/decorez-moi.fr\/blog\/?attachment_id=2465\" class=\"wp-image-2465\" srcset=\"https:\/\/decorez-moi.fr\/blog\/wp-content\/uploads\/2020\/11\/apollonia-berat-visite-en-albanie.jpg 700w, https:\/\/decorez-moi.fr\/blog\/wp-content\/uploads\/2020\/11\/apollonia-berat-visite-en-albanie-480x309.jpg 480w\" sizes=\"auto, (min-width: 0px) and (max-width: 480px) 480px, (min-width: 481px) 700px, 100vw\" \/><\/figure><\/li><li class=\"blocks-gallery-item\"><figure><img loading=\"lazy\" decoding=\"async\" width=\"700\" height=\"450\" src=\"https:\/\/decorez-moi.fr\/blog\/wp-content\/uploads\/2020\/11\/voyage-en-albanie-visite-apollonia.jpg\" alt=\"\" data-id=\"2464\" data-full-url=\"https:\/\/decorez-moi.fr\/blog\/wp-content\/uploads\/2020\/11\/voyage-en-albanie-visite-apollonia.jpg\" data-link=\"https:\/\/decorez-moi.fr\/blog\/?attachment_id=2464\" class=\"wp-image-2464\" srcset=\"https:\/\/decorez-moi.fr\/blog\/wp-content\/uploads\/2020\/11\/voyage-en-albanie-visite-apollonia.jpg 700w, https:\/\/decorez-moi.fr\/blog\/wp-content\/uploads\/2020\/11\/voyage-en-albanie-visite-apollonia-480x309.jpg 480w\" sizes=\"auto, (min-width: 0px) and (max-width: 480px) 480px, (min-width: 481px) 700px, 100vw\" \/><\/figure><\/li><\/ul><\/figure>\n\n\n\n<p>La matin\u00e9e est termin\u00e9e, nous nous dirigeons maintenant au ch\u00e2teau de Berat, \u00e0 1h10 de route, pour y visiter la forteresse.<br>Arpentez les rues en pav\u00e9s du site et allez manger un bon repas traditionnel \u2665 Vous pouvez apercevoir en contrebas, la ville de Berat ! <\/p>\n\n\n\n<figure class=\"wp-block-gallery columns-2 is-cropped wp-block-gallery-17 is-layout-flex wp-block-gallery-is-layout-flex\"><ul class=\"blocks-gallery-grid\"><li class=\"blocks-gallery-item\"><figure><img loading=\"lazy\" decoding=\"async\" width=\"700\" height=\"450\" src=\"https:\/\/decorez-moi.fr\/blog\/wp-content\/uploads\/2020\/11\/visite-chateau-berat-ville-au-mille-fenetres-albanie.jpg\" alt=\"\" data-id=\"2466\" data-full-url=\"https:\/\/decorez-moi.fr\/blog\/wp-content\/uploads\/2020\/11\/visite-chateau-berat-ville-au-mille-fenetres-albanie.jpg\" data-link=\"https:\/\/decorez-moi.fr\/blog\/?attachment_id=2466\" class=\"wp-image-2466\" srcset=\"https:\/\/decorez-moi.fr\/blog\/wp-content\/uploads\/2020\/11\/visite-chateau-berat-ville-au-mille-fenetres-albanie.jpg 700w, https:\/\/decorez-moi.fr\/blog\/wp-content\/uploads\/2020\/11\/visite-chateau-berat-ville-au-mille-fenetres-albanie-480x309.jpg 480w\" sizes=\"auto, (min-width: 0px) and (max-width: 480px) 480px, (min-width: 481px) 700px, 100vw\" \/><\/figure><\/li><li class=\"blocks-gallery-item\"><figure><img loading=\"lazy\" decoding=\"async\" width=\"700\" height=\"450\" src=\"https:\/\/decorez-moi.fr\/blog\/wp-content\/uploads\/2020\/11\/berat-ville-au-mille-fenetres-voyage-en-albanie.jpg\" alt=\"\" data-id=\"2467\" data-full-url=\"https:\/\/decorez-moi.fr\/blog\/wp-content\/uploads\/2020\/11\/berat-ville-au-mille-fenetres-voyage-en-albanie.jpg\" data-link=\"https:\/\/decorez-moi.fr\/blog\/?attachment_id=2467\" class=\"wp-image-2467\" srcset=\"https:\/\/decorez-moi.fr\/blog\/wp-content\/uploads\/2020\/11\/berat-ville-au-mille-fenetres-voyage-en-albanie.jpg 700w, https:\/\/decorez-moi.fr\/blog\/wp-content\/uploads\/2020\/11\/berat-ville-au-mille-fenetres-voyage-en-albanie-480x309.jpg 480w\" sizes=\"auto, (min-width: 0px) and (max-width: 480px) 480px, (min-width: 481px) 700px, 100vw\" \/><\/figure><\/li><\/ul><\/figure>\n\n\n\n<p>Berat, aussi appel\u00e9e \u00ab\u00a0la ville au mille fen\u00eatres\u00a0\u00bb est l&rsquo;une des plus vieilles villes du pays et class\u00e9e au patrimoine mondial de L&rsquo;Unesco ! Cette ville a un charme fou avec tous ses maisons blanches et fen\u00eatres incrust\u00e9es dans la collines \u2665<br>La vue y est magnifique ! Avant derni\u00e8re soir\u00e9e dans cette ville sympathique et anim\u00e9e.<\/p>\n\n\n\n<div class=\"wp-block-image\"><figure class=\"aligncenter size-large\"><img loading=\"lazy\" decoding=\"async\" width=\"700\" height=\"450\" src=\"https:\/\/decorez-moi.fr\/blog\/wp-content\/uploads\/2020\/11\/visite-berat-voyage-en-albanie.jpg\" alt=\"\" class=\"wp-image-2468\" srcset=\"https:\/\/decorez-moi.fr\/blog\/wp-content\/uploads\/2020\/11\/visite-berat-voyage-en-albanie.jpg 700w, https:\/\/decorez-moi.fr\/blog\/wp-content\/uploads\/2020\/11\/visite-berat-voyage-en-albanie-480x309.jpg 480w\" sizes=\"auto, (min-width: 0px) and (max-width: 480px) 480px, (min-width: 481px) 700px, 100vw\" \/><\/figure><\/div>\n\n\n\n<h2 class=\"wp-block-heading\">Parc national de Divjaka en Albanie<\/h2>\n\n\n\n<p>Avant de rentrer sur Tirana, nous nous arr\u00eatons dans le parc national de Divjaka \u00e0 1h10 de route depuis Berat.<br>Nous nous arr\u00eatons \u00e0 mi-chemin pour se balader dans ce beau parc et manger du poisson frais ! Nous profitons \u00e9galement de la plage juste \u00e0 c\u00f4t\u00e9.<\/p>\n\n\n\n<figure class=\"wp-block-gallery columns-2 is-cropped wp-block-gallery-18 is-layout-flex wp-block-gallery-is-layout-flex\"><ul class=\"blocks-gallery-grid\"><li class=\"blocks-gallery-item\"><figure><img loading=\"lazy\" decoding=\"async\" width=\"690\" height=\"450\" src=\"https:\/\/decorez-moi.fr\/blog\/wp-content\/uploads\/2020\/11\/divjaka-national-parc-voyage-en-albanie.jpg\" alt=\"\" data-id=\"2439\" data-full-url=\"https:\/\/decorez-moi.fr\/blog\/wp-content\/uploads\/2020\/11\/divjaka-national-parc-voyage-en-albanie.jpg\" data-link=\"https:\/\/decorez-moi.fr\/blog\/?attachment_id=2439\" class=\"wp-image-2439\" srcset=\"https:\/\/decorez-moi.fr\/blog\/wp-content\/uploads\/2020\/11\/divjaka-national-parc-voyage-en-albanie.jpg 690w, https:\/\/decorez-moi.fr\/blog\/wp-content\/uploads\/2020\/11\/divjaka-national-parc-voyage-en-albanie-480x313.jpg 480w\" sizes=\"auto, (min-width: 0px) and (max-width: 480px) 480px, (min-width: 481px) 690px, 100vw\" \/><\/figure><\/li><li class=\"blocks-gallery-item\"><figure><img loading=\"lazy\" decoding=\"async\" width=\"690\" height=\"450\" src=\"https:\/\/decorez-moi.fr\/blog\/wp-content\/uploads\/2020\/11\/visite-du-parc-national-divjaka-albanie.jpg\" alt=\"\" data-id=\"2438\" data-full-url=\"https:\/\/decorez-moi.fr\/blog\/wp-content\/uploads\/2020\/11\/visite-du-parc-national-divjaka-albanie.jpg\" data-link=\"https:\/\/decorez-moi.fr\/blog\/?attachment_id=2438\" class=\"wp-image-2438\" srcset=\"https:\/\/decorez-moi.fr\/blog\/wp-content\/uploads\/2020\/11\/visite-du-parc-national-divjaka-albanie.jpg 690w, https:\/\/decorez-moi.fr\/blog\/wp-content\/uploads\/2020\/11\/visite-du-parc-national-divjaka-albanie-480x313.jpg 480w\" sizes=\"auto, (min-width: 0px) and (max-width: 480px) 480px, (min-width: 481px) 690px, 100vw\" \/><\/figure><\/li><\/ul><\/figure>\n\n\n\n<p>Il est d\u00e9j\u00e0 temps de rentrer sur Tirana. 1h30 de route nous attend pour rejoindre la capitale et boucler ce beau voyage.<\/p>\n\n\n\n<h2 class=\"wp-block-heading\">Petit bonus dans ce voyage en Albanie : la visite de Theth <\/h2>\n\n\n\n<p>Le village de Theth est perch\u00e9 dans les montagnes, \u00e0 4h20 de route de Tirana. C&rsquo;est un peu loin, mais si vous \u00eates amoureux de la montagne et des randonn\u00e9es, cette destination est faite pour vous !<br>Je vous conseille d&rsquo;avoir une bonne voiture pour pouvoir monter et descendre la montagne.. La route est en travaux et vous pouvez tomber sur un troupeau de moutons \u2665<br>Nous avons s\u00e9journ\u00e9 dans un super <a rel=\"noreferrer noopener\" href=\"https:\/\/www.tripadvisor.fr\/Hotel_Review-g2706054-d8290196-Reviews-Bujtina_Berishta-Theth_Shkoder_County.html\" target=\"_blank\">h\u00f4tel flambant neuf<\/a> avec une magnifique vue sur les montagnes. Le rapport qualit\u00e9 prix est abordable (30\u20ac la nuit environ) et on y mange tr\u00e8s bien ! Je vous conseille de rester 2 nuits.<\/p>\n\n\n\n<figure class=\"wp-block-gallery columns-2 is-cropped wp-block-gallery-19 is-layout-flex wp-block-gallery-is-layout-flex\"><ul class=\"blocks-gallery-grid\"><li class=\"blocks-gallery-item\"><figure><img loading=\"lazy\" decoding=\"async\" width=\"700\" height=\"450\" src=\"https:\/\/decorez-moi.fr\/blog\/wp-content\/uploads\/2020\/11\/montagne-village-theth-en-albanie.jpg\" alt=\"\" data-id=\"2455\" data-full-url=\"https:\/\/decorez-moi.fr\/blog\/wp-content\/uploads\/2020\/11\/montagne-village-theth-en-albanie.jpg\" data-link=\"https:\/\/decorez-moi.fr\/blog\/?attachment_id=2455\" class=\"wp-image-2455\" srcset=\"https:\/\/decorez-moi.fr\/blog\/wp-content\/uploads\/2020\/11\/montagne-village-theth-en-albanie.jpg 700w, https:\/\/decorez-moi.fr\/blog\/wp-content\/uploads\/2020\/11\/montagne-village-theth-en-albanie-480x309.jpg 480w\" sizes=\"auto, (min-width: 0px) and (max-width: 480px) 480px, (min-width: 481px) 700px, 100vw\" \/><\/figure><\/li><li class=\"blocks-gallery-item\"><figure><img loading=\"lazy\" decoding=\"async\" width=\"700\" height=\"450\" src=\"https:\/\/decorez-moi.fr\/blog\/wp-content\/uploads\/2020\/11\/hotel-theth-voyage-en-albanie.jpg\" alt=\"\" data-id=\"2456\" data-full-url=\"https:\/\/decorez-moi.fr\/blog\/wp-content\/uploads\/2020\/11\/hotel-theth-voyage-en-albanie.jpg\" data-link=\"https:\/\/decorez-moi.fr\/blog\/?attachment_id=2456\" class=\"wp-image-2456\" srcset=\"https:\/\/decorez-moi.fr\/blog\/wp-content\/uploads\/2020\/11\/hotel-theth-voyage-en-albanie.jpg 700w, https:\/\/decorez-moi.fr\/blog\/wp-content\/uploads\/2020\/11\/hotel-theth-voyage-en-albanie-480x309.jpg 480w\" sizes=\"auto, (min-width: 0px) and (max-width: 480px) 480px, (min-width: 481px) 700px, 100vw\" \/><\/figure><\/li><\/ul><\/figure>\n\n\n\n<p>Cette randonn\u00e9e pour voir la  cascade de Theth est facile et adapt\u00e9e \u00e0 tous ! Une balade entre \u00ab\u00a0rivi\u00e8re et montagne\u00a0\u00bb pour enfin apercevoir cette cascade, un vrai cadeau de la nature !<\/p>\n\n\n\n<figure class=\"wp-block-gallery columns-2 is-cropped wp-block-gallery-20 is-layout-flex wp-block-gallery-is-layout-flex\"><ul class=\"blocks-gallery-grid\"><li class=\"blocks-gallery-item\"><figure><img loading=\"lazy\" decoding=\"async\" width=\"700\" height=\"450\" src=\"https:\/\/decorez-moi.fr\/blog\/wp-content\/uploads\/2020\/11\/randonnee-theth-cascade-voyage-en-albanie.jpg\" alt=\"\" data-id=\"2458\" data-full-url=\"https:\/\/decorez-moi.fr\/blog\/wp-content\/uploads\/2020\/11\/randonnee-theth-cascade-voyage-en-albanie.jpg\" data-link=\"https:\/\/decorez-moi.fr\/blog\/?attachment_id=2458\" class=\"wp-image-2458\" srcset=\"https:\/\/decorez-moi.fr\/blog\/wp-content\/uploads\/2020\/11\/randonnee-theth-cascade-voyage-en-albanie.jpg 700w, https:\/\/decorez-moi.fr\/blog\/wp-content\/uploads\/2020\/11\/randonnee-theth-cascade-voyage-en-albanie-480x309.jpg 480w\" sizes=\"auto, (min-width: 0px) and (max-width: 480px) 480px, (min-width: 481px) 700px, 100vw\" \/><\/figure><\/li><li class=\"blocks-gallery-item\"><figure><img loading=\"lazy\" decoding=\"async\" width=\"700\" height=\"450\" src=\"https:\/\/decorez-moi.fr\/blog\/wp-content\/uploads\/2020\/11\/cascade-theth-voyage-en-albanie.jpg\" alt=\"\" data-id=\"2457\" data-full-url=\"https:\/\/decorez-moi.fr\/blog\/wp-content\/uploads\/2020\/11\/cascade-theth-voyage-en-albanie.jpg\" data-link=\"https:\/\/decorez-moi.fr\/blog\/?attachment_id=2457\" class=\"wp-image-2457\" srcset=\"https:\/\/decorez-moi.fr\/blog\/wp-content\/uploads\/2020\/11\/cascade-theth-voyage-en-albanie.jpg 700w, https:\/\/decorez-moi.fr\/blog\/wp-content\/uploads\/2020\/11\/cascade-theth-voyage-en-albanie-480x309.jpg 480w\" sizes=\"auto, (min-width: 0px) and (max-width: 480px) 480px, (min-width: 481px) 700px, 100vw\" \/><\/figure><\/li><\/ul><\/figure>\n\n\n\n<p>Il y a \u00e9galement une randonn\u00e9e pour voir le \u00ab\u00a0blue eye\u00a0\u00bb de Theth ! (que je n&rsquo;ai malheureusement pas eu le temps de faire) mais les photos sur Internet sont magnifiques.<\/p>\n\n\n\n<div class=\"wp-block-image\"><figure class=\"aligncenter size-large\"><img loading=\"lazy\" decoding=\"async\" width=\"700\" height=\"450\" src=\"https:\/\/decorez-moi.fr\/blog\/wp-content\/uploads\/2020\/11\/voyage-en-albanie-petit-fute.jpg\" alt=\"mon voyage en Albanie avec petit fut\u00e9\" class=\"wp-image-2366\" srcset=\"https:\/\/decorez-moi.fr\/blog\/wp-content\/uploads\/2020\/11\/voyage-en-albanie-petit-fute.jpg 700w, https:\/\/decorez-moi.fr\/blog\/wp-content\/uploads\/2020\/11\/voyage-en-albanie-petit-fute-480x309.jpg 480w\" sizes=\"auto, (min-width: 0px) and (max-width: 480px) 480px, (min-width: 481px) 700px, 100vw\" \/><\/figure><\/div>\n\n\n\n<p>Voil\u00e0, nous arrivons \u00e0 la fin de l&rsquo;article. J&rsquo;ai ador\u00e9 visiter l&rsquo;Albanie. Si vous \u00eates fan de nature, vous allez \u00eatre impressionn\u00e9 tout comme moi !<br>Le pays est tr\u00e8s abordable financi\u00e8rement, la nourriture y est excellente et les habitants accueillants. Ce pays a toujours une \u00e2me traditionnelle et authentique, contrairement \u00e0 d&rsquo;autres pays o\u00f9 le tourisme de masse y est roi ! <br>C&rsquo;\u00e9tait une magnifique d\u00e9couverte !<\/p>\n\n\n\n<p>Je vous dis \u00e0 tr\u00e8s vite pour un nouvel article sur les aventures de petit biscuit ! \u2665<\/p>\n\n\n\n<div class=\"wp-block-image\"><figure class=\"aligncenter\"><img decoding=\"async\" src=\"https:\/\/decorez-moi.fr\/blog\/wp-content\/uploads\/2024\/08\/signature-margot.png\" alt=\"Margot\" class=\"wp-image-4756\"\/><\/figure><\/div>\n\n\n\n<p><\/p>\n","protected":false},"excerpt":{"rendered":"<p>Aujourd&rsquo;hui, je vous propose un contenu un peu diff\u00e9rent ! Pas de \u00ab\u00a0tutoriel d\u00e9co\u00a0\u00bb mais un retour en images et avis sur mon voyage en Albanie !Je suis passionn\u00e9e de loisirs cr\u00e9atifs, de Do it Yourself (vous pouvez retrouver sur mon site web les supports en bois que j&rsquo;utilise pour mes cr\u00e9ations) mais \u00e9galement une [&hellip;]<\/p>\n","protected":false},"author":2,"featured_media":1833,"comment_status":"open","ping_status":"open","sticky":false,"template":"","format":"standard","meta":{"_et_pb_use_builder":"off","_et_pb_old_content":"","_et_gb_content_width":"","footnotes":""},"categories":[13],"tags":[],"class_list":["post-1830","post","type-post","status-publish","format-standard","has-post-thumbnail","hentry","category-les-aventures-de-petit-biscuit"],"aioseo_notices":[],"_links":{"self":[{"href":"https:\/\/decorez-moi.fr\/blog\/wp-json\/wp\/v2\/posts\/1830","targetHints":{"allow":["GET"]}}],"collection":[{"href":"https:\/\/decorez-moi.fr\/blog\/wp-json\/wp\/v2\/posts"}],"about":[{"href":"https:\/\/decorez-moi.fr\/blog\/wp-json\/wp\/v2\/types\/post"}],"author":[{"embeddable":true,"href":"https:\/\/decorez-moi.fr\/blog\/wp-json\/wp\/v2\/users\/2"}],"replies":[{"embeddable":true,"href":"https:\/\/decorez-moi.fr\/blog\/wp-json\/wp\/v2\/comments?post=1830"}],"version-history":[{"count":138,"href":"https:\/\/decorez-moi.fr\/blog\/wp-json\/wp\/v2\/posts\/1830\/revisions"}],"predecessor-version":[{"id":3048,"href":"https:\/\/decorez-moi.fr\/blog\/wp-json\/wp\/v2\/posts\/1830\/revisions\/3048"}],"wp:featuredmedia":[{"embeddable":true,"href":"https:\/\/decorez-moi.fr\/blog\/wp-json\/wp\/v2\/media\/1833"}],"wp:attachment":[{"href":"https:\/\/decorez-moi.fr\/blog\/wp-json\/wp\/v2\/media?parent=1830"}],"wp:term":[{"taxonomy":"category","embeddable":true,"href":"https:\/\/decorez-moi.fr\/blog\/wp-json\/wp\/v2\/categories?post=1830"},{"taxonomy":"post_tag","embeddable":true,"href":"https:\/\/decorez-moi.fr\/blog\/wp-json\/wp\/v2\/tags?post=1830"}],"curies":[{"name":"wp","href":"https:\/\/api.w.org\/{rel}","templated":true}]}}